{"id":5789,"date":"2023-06-05T08:08:28","date_gmt":"2023-06-05T06:08:28","guid":{"rendered":"https:\/\/fcbuetschwil.ch\/neu\/?p=5789"},"modified":"2023-06-05T08:38:32","modified_gmt":"2023-06-05T06:38:32","slug":"matchbericht-herren-1-vs-fc-aadorf-1","status":"publish","type":"post","link":"https:\/\/fcbuetschwil.ch\/neu\/matchbericht-herren-1-vs-fc-aadorf-1\/","title":{"rendered":"Matchbericht Herren 1 vs. FC Aadorf 1."},"content":{"rendered":"\n<p>Auch in der 21. Runde bleibt die 1. Mannschaft ungeschlagen, kommt allerdings nicht \u00fcber ein 1:1 gegen Aadorf hinaus. Captain Daniel F\u00e4h bewahrt die Aufsteiger-Jungs mit seinem Ausgleichstreffer vor der ersten Saisonsniederlage.<\/p>\n\n\n\n<p><strong>Link zum Spielbericht:<\/strong><\/p>\n\n\n\n<p><a href=\"https:\/\/www.tagblatt.ch\/ostschweiz\/toggenburg\/regionalfussball-sieg-unentschieden-niederlage-das-ist-die-bilanz-des-wochenendes-der-toggenburger-drittligisten-ld.2467875\">https:\/\/www.tagblatt.ch\/ostschweiz\/toggenburg\/regionalfussball-sieg-unentschieden-niederlage-das-ist-die-bilanz-des-wochenendes-der-toggenburger-drittligisten-ld.2467875<\/a><\/p>\n\n\n\n<p><strong>Matchtelegramm<\/strong><\/p>\n\n\n\n<p>FC B\u00fctschwil &#8211; FC Aadorf 1:1 (0:0)<\/p>\n\n\n\n<p>B\u00fctschwil, Breite<\/p>\n\n\n\n<p>Tore B\u00fctschwil: F\u00e4h.<\/p>\n\n\n\n<p>B\u00fctschwil: Noah Oswald, Raphael Fust, Severin G\u00fcbeli, Marko Mikinac, Silvan Forrer, Elias Keller, Daniel F\u00e4h, Kevin Roos, Cyril Segm\u00fcller, Claudio Bl\u00f6chliger, Silvio Truniger.<\/p>\n","protected":false},"excerpt":{"rendered":"<p>Auch in der 21. Runde bleibt die 1. Mannschaft ungeschlagen, kommt allerdings nicht \u00fcber ein 1:1 gegen Aadorf hinaus. Captain Daniel F\u00e4h bewahrt die Aufsteiger-Jungs mit seinem Ausgleichstreffer vor der ersten Saisonsniederlage. Link zum Spielbericht: https:\/\/www.tagblatt.ch\/ostschweiz\/toggenburg\/regionalfussball-sieg-unentschieden-niederlage-das-ist-die-bilanz-des-wochenendes-der-toggenburger-drittligisten-ld.2467875 Matchtelegramm FC B\u00fctschwil &#8211; FC Aadorf 1:1 (0:0) B\u00fctschwil, Breite Tore B\u00fctschwil: F\u00e4h. B\u00fctschwil: Noah Oswald, Raphael Fust, Severin&hellip;&nbsp;<a href=\"https:\/\/fcbuetschwil.ch\/neu\/matchbericht-herren-1-vs-fc-aadorf-1\/\" class=\"\" rel=\"bookmark\">Weiterlesen &raquo;<span class=\"screen-reader-text\">Matchbericht Herren 1 vs. FC Aadorf 1.<\/span><\/a><\/p>\n","protected":false},"author":7,"featured_media":5791,"comment_status":"open","ping_status":"open","sticky":false,"template":"","format":"standard","meta":{"inline_featured_image":false,"_mi_skip_tracking":false,"kia_subtitle":"B\u00fctschwil tat sich gegen das aufs\u00e4ssige Aadorf schwer, bleibt nach dem 1:1 aber weiterhin ungeschlagen.","neve_meta_sidebar":"","neve_meta_container":"","neve_meta_enable_content_width":"","neve_meta_content_width":0,"neve_meta_title_alignment":"","neve_meta_author_avatar":"","neve_post_elements_order":"","neve_meta_disable_header":"","neve_meta_disable_footer":"","neve_meta_disable_title":""},"categories":[2],"tags":[],"_links":{"self":[{"href":"https:\/\/fcbuetschwil.ch\/neu\/wp-json\/wp\/v2\/posts\/5789"}],"collection":[{"href":"https:\/\/fcbuetschwil.ch\/neu\/wp-json\/wp\/v2\/posts"}],"about":[{"href":"https:\/\/fcbuetschwil.ch\/neu\/wp-json\/wp\/v2\/types\/post"}],"author":[{"embeddable":true,"href":"https:\/\/fcbuetschwil.ch\/neu\/wp-json\/wp\/v2\/users\/7"}],"replies":[{"embeddable":true,"href":"https:\/\/fcbuetschwil.ch\/neu\/wp-json\/wp\/v2\/comments?post=5789"}],"version-history":[{"count":2,"href":"https:\/\/fcbuetschwil.ch\/neu\/wp-json\/wp\/v2\/posts\/5789\/revisions"}],"predecessor-version":[{"id":5793,"href":"https:\/\/fcbuetschwil.ch\/neu\/wp-json\/wp\/v2\/posts\/5789\/revisions\/5793"}],"wp:featuredmedia":[{"embeddable":true,"href":"https:\/\/fcbuetschwil.ch\/neu\/wp-json\/wp\/v2\/media\/5791"}],"wp:attachment":[{"href":"https:\/\/fcbuetschwil.ch\/neu\/wp-json\/wp\/v2\/media?parent=5789"}],"wp:term":[{"taxonomy":"category","embeddable":true,"href":"https:\/\/fcbuetschwil.ch\/neu\/wp-json\/wp\/v2\/categories?post=5789"},{"taxonomy":"post_tag","embeddable":true,"href":"https:\/\/fcbuetschwil.ch\/neu\/wp-json\/wp\/v2\/tags?post=5789"}],"curies":[{"name":"wp","href":"https:\/\/api.w.org\/{rel}","templated":true}]}}