{"id":5782,"date":"2023-06-01T17:56:34","date_gmt":"2023-06-01T15:56:34","guid":{"rendered":"https:\/\/fcbuetschwil.ch\/neu\/?p=5782"},"modified":"2023-06-05T08:03:53","modified_gmt":"2023-06-05T06:03:53","slug":"matchbericht-herren-1-vs-fc-zuzwil-1-2","status":"publish","type":"post","link":"https:\/\/fcbuetschwil.ch\/neu\/matchbericht-herren-1-vs-fc-zuzwil-1-2\/","title":{"rendered":"Matchbericht Herren 1 vs. FC Kirchberg 1."},"content":{"rendered":"\n<p>2. Liga wir kommen! Im Derby gegen den FC Kirchberg macht die 1. Mannschaft den Aufstieg perfekt.<br>F\u00fcr eine wirklich gelungene Saison belohnt sich der FC B\u00fctschwil mit dem 1:0 Sieg durch ein Tor von Raphael Fust mit dem Wechsel in die n\u00e4chsth\u00f6here Spielklasse.<\/p>\n\n\n\n<p><strong>Link zum Spielbericht:<\/strong><\/p>\n\n\n\n<p><a href=\"https:\/\/www.tagblatt.ch\/ostschweiz\/toggenburg\/regionalfussball-buetschwil-schlaegt-kirchberg-und-schafft-vorzeitig-den-aufstieg-in-die-2-liga-neckertal-degersheim-muss-sich-gegen-sirnach-geschlagen-geben-ld.2464460\">https:\/\/www.tagblatt.ch\/ostschweiz\/toggenburg\/regionalfussball-buetschwil-schlaegt-kirchberg-und-schafft-vorzeitig-den-aufstieg-in-die-2-liga-neckertal-degersheim-muss-sich-gegen-sirnach-geschlagen-geben-ld.2464460<\/a><\/p>\n\n\n\n<p><strong>Matchtelegramm<\/strong><\/p>\n\n\n\n<p>FC Kirchberg &#8211; FC B\u00fctschwil 0:0 (0:1)<\/p>\n\n\n\n<p>Kirchberg<\/p>\n\n\n\n<p>Tore B\u00fctschwil: 53. Fust.<\/p>\n\n\n\n<p>B\u00fctschwil: Noah Oswald, Gian Pfister, Severin G\u00fcbeli, Pascal Hollenstein, Silvan Forrer, Raphael Fust, Daniel F\u00e4h, Kevin Roos, Cyril Segm\u00fcller, David Birchler, Fabian Br\u00e4ndle.<\/p>\n","protected":false},"excerpt":{"rendered":"<p>2. Liga wir kommen! Im Derby gegen den FC Kirchberg macht die 1. Mannschaft den Aufstieg perfekt.F\u00fcr eine wirklich gelungene Saison belohnt sich der FC B\u00fctschwil mit dem 1:0 Sieg durch ein Tor von Raphael Fust mit dem Wechsel in die n\u00e4chsth\u00f6here Spielklasse. Link zum Spielbericht: https:\/\/www.tagblatt.ch\/ostschweiz\/toggenburg\/regionalfussball-buetschwil-schlaegt-kirchberg-und-schafft-vorzeitig-den-aufstieg-in-die-2-liga-neckertal-degersheim-muss-sich-gegen-sirnach-geschlagen-geben-ld.2464460 Matchtelegramm FC Kirchberg &#8211; FC B\u00fctschwil 0:0 (0:1)&hellip;&nbsp;<a href=\"https:\/\/fcbuetschwil.ch\/neu\/matchbericht-herren-1-vs-fc-zuzwil-1-2\/\" class=\"\" rel=\"bookmark\">Weiterlesen &raquo;<span class=\"screen-reader-text\">Matchbericht Herren 1 vs. FC Kirchberg 1.<\/span><\/a><\/p>\n","protected":false},"author":7,"featured_media":5783,"comment_status":"open","ping_status":"open","sticky":false,"template":"","format":"standard","meta":{"inline_featured_image":false,"_mi_skip_tracking":false,"kia_subtitle":"Der Aufstieg ist geschafft! FCB in der 2. Liga","neve_meta_sidebar":"","neve_meta_container":"","neve_meta_enable_content_width":"","neve_meta_content_width":0,"neve_meta_title_alignment":"","neve_meta_author_avatar":"","neve_post_elements_order":"","neve_meta_disable_header":"","neve_meta_disable_footer":"","neve_meta_disable_title":""},"categories":[2],"tags":[],"_links":{"self":[{"href":"https:\/\/fcbuetschwil.ch\/neu\/wp-json\/wp\/v2\/posts\/5782"}],"collection":[{"href":"https:\/\/fcbuetschwil.ch\/neu\/wp-json\/wp\/v2\/posts"}],"about":[{"href":"https:\/\/fcbuetschwil.ch\/neu\/wp-json\/wp\/v2\/types\/post"}],"author":[{"embeddable":true,"href":"https:\/\/fcbuetschwil.ch\/neu\/wp-json\/wp\/v2\/users\/7"}],"replies":[{"embeddable":true,"href":"https:\/\/fcbuetschwil.ch\/neu\/wp-json\/wp\/v2\/comments?post=5782"}],"version-history":[{"count":3,"href":"https:\/\/fcbuetschwil.ch\/neu\/wp-json\/wp\/v2\/posts\/5782\/revisions"}],"predecessor-version":[{"id":5790,"href":"https:\/\/fcbuetschwil.ch\/neu\/wp-json\/wp\/v2\/posts\/5782\/revisions\/5790"}],"wp:featuredmedia":[{"embeddable":true,"href":"https:\/\/fcbuetschwil.ch\/neu\/wp-json\/wp\/v2\/media\/5783"}],"wp:attachment":[{"href":"https:\/\/fcbuetschwil.ch\/neu\/wp-json\/wp\/v2\/media?parent=5782"}],"wp:term":[{"taxonomy":"category","embeddable":true,"href":"https:\/\/fcbuetschwil.ch\/neu\/wp-json\/wp\/v2\/categories?post=5782"},{"taxonomy":"post_tag","embeddable":true,"href":"https:\/\/fcbuetschwil.ch\/neu\/wp-json\/wp\/v2\/tags?post=5782"}],"curies":[{"name":"wp","href":"https:\/\/api.w.org\/{rel}","templated":true}]}}