{"id":5764,"date":"2023-05-22T08:44:43","date_gmt":"2023-05-22T06:44:43","guid":{"rendered":"https:\/\/fcbuetschwil.ch\/neu\/?p=5764"},"modified":"2023-05-22T08:44:45","modified_gmt":"2023-05-22T06:44:45","slug":"matchbericht-herren-1-vs-fc-zuzwil-1","status":"publish","type":"post","link":"https:\/\/fcbuetschwil.ch\/neu\/matchbericht-herren-1-vs-fc-zuzwil-1\/","title":{"rendered":"Matchbericht Herren 1 vs. FC Zuzwil 1."},"content":{"rendered":"\n<p>Vor \u00fcber 350 Zuschauern gewinnt der FC B\u00fctschwil das Spitzenspiel gegen den FC Zuzwil mit 1:0.<\/p>\n\n\n\n<p><strong>Link zum Spielbericht:<\/strong><\/p>\n\n\n\n<p><a href=\"https:\/\/www.tagblatt.ch\/ostschweiz\/toggenburg\/regionalfussball-der-aufstieg-ist-fast-perfekt-buetschwil-gewinnt-den-spitzenkampf-in-der-3-liga-gegen-zuzwil-mit-10-und-baut-an-der-spitze-den-vorsprung-aus-ld.2460932\">https:\/\/www.tagblatt.ch\/ostschweiz\/toggenburg\/regionalfussball-der-aufstieg-ist-fast-perfekt-buetschwil-gewinnt-den-spitzenkampf-in-der-3-liga-gegen-zuzwil-mit-10-und-baut-an-der-spitze-den-vorsprung-aus-ld.2460932<\/a><\/p>\n\n\n\n<p><strong>Matchtelegramm<\/strong><\/p>\n\n\n\n<p>FC B\u00fctschwil &#8211; FC Zuzwil 1:0 (1:0)<\/p>\n\n\n\n<p>B\u00fctschwil, Breite<\/p>\n\n\n\n<p>Tore B\u00fctschwil: 22. Br\u00e4ndle.<\/p>\n\n\n\n<p>B\u00fctschwil: Noah Oswald, Gian Pfister, Severin G\u00fcbeli, Pascal Hollenstein, Silvan Forrer, Raphael Fust, Daniel F\u00e4h, Kevin Roos, Cyril Segm\u00fcller, David Birchler, Fabian Br\u00e4ndle.<\/p>\n","protected":false},"excerpt":{"rendered":"<p>Vor \u00fcber 350 Zuschauern gewinnt der FC B\u00fctschwil das Spitzenspiel gegen den FC Zuzwil mit 1:0. Link zum Spielbericht: https:\/\/www.tagblatt.ch\/ostschweiz\/toggenburg\/regionalfussball-der-aufstieg-ist-fast-perfekt-buetschwil-gewinnt-den-spitzenkampf-in-der-3-liga-gegen-zuzwil-mit-10-und-baut-an-der-spitze-den-vorsprung-aus-ld.2460932 Matchtelegramm FC B\u00fctschwil &#8211; FC Zuzwil 1:0 (1:0) B\u00fctschwil, Breite Tore B\u00fctschwil: 22. Br\u00e4ndle. B\u00fctschwil: Noah Oswald, Gian Pfister, Severin G\u00fcbeli, Pascal Hollenstein, Silvan Forrer, Raphael Fust, Daniel F\u00e4h, Kevin Roos, Cyril Segm\u00fcller, David Birchler,&hellip;&nbsp;<a href=\"https:\/\/fcbuetschwil.ch\/neu\/matchbericht-herren-1-vs-fc-zuzwil-1\/\" class=\"\" rel=\"bookmark\">Weiterlesen &raquo;<span class=\"screen-reader-text\">Matchbericht Herren 1 vs. FC Zuzwil 1.<\/span><\/a><\/p>\n","protected":false},"author":7,"featured_media":5765,"comment_status":"open","ping_status":"open","sticky":false,"template":"","format":"standard","meta":{"inline_featured_image":false,"_mi_skip_tracking":false,"kia_subtitle":"Dank einer starken Abwehrleistung reicht das einzige Tor durch Fabian Br\u00e4ndle zum 1:0 Sieg gegen den ersten Verfolger Zuzwil.","neve_meta_sidebar":"","neve_meta_container":"","neve_meta_enable_content_width":"","neve_meta_content_width":0,"neve_meta_title_alignment":"","neve_meta_author_avatar":"","neve_post_elements_order":"","neve_meta_disable_header":"","neve_meta_disable_footer":"","neve_meta_disable_title":""},"categories":[2],"tags":[],"_links":{"self":[{"href":"https:\/\/fcbuetschwil.ch\/neu\/wp-json\/wp\/v2\/posts\/5764"}],"collection":[{"href":"https:\/\/fcbuetschwil.ch\/neu\/wp-json\/wp\/v2\/posts"}],"about":[{"href":"https:\/\/fcbuetschwil.ch\/neu\/wp-json\/wp\/v2\/types\/post"}],"author":[{"embeddable":true,"href":"https:\/\/fcbuetschwil.ch\/neu\/wp-json\/wp\/v2\/users\/7"}],"replies":[{"embeddable":true,"href":"https:\/\/fcbuetschwil.ch\/neu\/wp-json\/wp\/v2\/comments?post=5764"}],"version-history":[{"count":1,"href":"https:\/\/fcbuetschwil.ch\/neu\/wp-json\/wp\/v2\/posts\/5764\/revisions"}],"predecessor-version":[{"id":5766,"href":"https:\/\/fcbuetschwil.ch\/neu\/wp-json\/wp\/v2\/posts\/5764\/revisions\/5766"}],"wp:featuredmedia":[{"embeddable":true,"href":"https:\/\/fcbuetschwil.ch\/neu\/wp-json\/wp\/v2\/media\/5765"}],"wp:attachment":[{"href":"https:\/\/fcbuetschwil.ch\/neu\/wp-json\/wp\/v2\/media?parent=5764"}],"wp:term":[{"taxonomy":"category","embeddable":true,"href":"https:\/\/fcbuetschwil.ch\/neu\/wp-json\/wp\/v2\/categories?post=5764"},{"taxonomy":"post_tag","embeddable":true,"href":"https:\/\/fcbuetschwil.ch\/neu\/wp-json\/wp\/v2\/tags?post=5764"}],"curies":[{"name":"wp","href":"https:\/\/api.w.org\/{rel}","templated":true}]}}