{"id":5689,"date":"2023-05-01T11:10:46","date_gmt":"2023-05-01T09:10:46","guid":{"rendered":"https:\/\/fcbuetschwil.ch\/neu\/?p=5689"},"modified":"2023-05-01T11:10:48","modified_gmt":"2023-05-01T09:10:48","slug":"matchbericht-herren-1-vs-fc-muensterlingen-2","status":"publish","type":"post","link":"https:\/\/fcbuetschwil.ch\/neu\/matchbericht-herren-1-vs-fc-muensterlingen-2\/","title":{"rendered":"Matchbericht Herren 1 vs. FC M\u00fcnsterlingen."},"content":{"rendered":"\n<p>7 Tore &#8211; 7 Torsch\u00fctzen. Am vergangenen Samstag holt das Herren 1 drei Punkte in M\u00fcnsterlingen.<\/p>\n\n\n\n<p><strong>Link zum Spielbericht:<\/strong><\/p>\n\n\n\n<p><a href=\"https:\/\/www.tagblatt.ch\/ostschweiz\/toggenburg\/regionalfussball-die-minikrise-beim-fc-buetschwil-ist-geschichte-der-3-liga-spitzenreiter-fertigt-muensterlingen-gleich-mit-70-ab-ld.2449660\">https:\/\/www.tagblatt.ch\/ostschweiz\/toggenburg\/regionalfussball-die-minikrise-beim-fc-buetschwil-ist-geschichte-der-3-liga-spitzenreiter-fertigt-muensterlingen-gleich-mit-70-ab-ld.2449660<\/a><\/p>\n\n\n\n<p><strong>Matchtelegramm<\/strong><\/p>\n\n\n\n<p>FC M\u00fcnsterlingen- FC B\u00fctschwil 0:7 (0:3)<\/p>\n\n\n\n<p>M\u00fcnsterlingen, Hafenfeld<\/p>\n\n\n\n<p>Tore B\u00fctschwil: 16. Birchler, 20. Keller, 22. Br\u00e4ndle, 48. Fust, 69. F\u00e4h, 82. G\u00fcbeli, 90. Pfister.<\/p>\n\n\n\n<p>B\u00fctschwil: Noah Oswald, Gian Pfister, Severin G\u00fcbeli, Pascal Hollenstein, Silvan Forrer, Raphael Fust, Daniel F\u00e4h, Kevin Roos, Elias Keller, David Birchler, Fabian Br\u00e4ndle.<\/p>\n","protected":false},"excerpt":{"rendered":"<p>7 Tore &#8211; 7 Torsch\u00fctzen. Am vergangenen Samstag holt das Herren 1 drei Punkte in M\u00fcnsterlingen. Link zum Spielbericht: https:\/\/www.tagblatt.ch\/ostschweiz\/toggenburg\/regionalfussball-die-minikrise-beim-fc-buetschwil-ist-geschichte-der-3-liga-spitzenreiter-fertigt-muensterlingen-gleich-mit-70-ab-ld.2449660 Matchtelegramm FC M\u00fcnsterlingen- FC B\u00fctschwil 0:7 (0:3) M\u00fcnsterlingen, Hafenfeld Tore B\u00fctschwil: 16. Birchler, 20. Keller, 22. Br\u00e4ndle, 48. Fust, 69. F\u00e4h, 82. G\u00fcbeli, 90. Pfister. B\u00fctschwil: Noah Oswald, Gian Pfister, Severin G\u00fcbeli, Pascal Hollenstein, Silvan&hellip;&nbsp;<a href=\"https:\/\/fcbuetschwil.ch\/neu\/matchbericht-herren-1-vs-fc-muensterlingen-2\/\" class=\"\" rel=\"bookmark\">Weiterlesen &raquo;<span class=\"screen-reader-text\">Matchbericht Herren 1 vs. FC M\u00fcnsterlingen.<\/span><\/a><\/p>\n","protected":false},"author":7,"featured_media":5690,"comment_status":"open","ping_status":"open","sticky":false,"template":"","format":"standard","meta":{"inline_featured_image":false,"_mi_skip_tracking":false,"kia_subtitle":"Das Herren 1 gewinnt 7:0 in M\u00fcnsterlingen.","neve_meta_sidebar":"","neve_meta_container":"","neve_meta_enable_content_width":"","neve_meta_content_width":0,"neve_meta_title_alignment":"","neve_meta_author_avatar":"","neve_post_elements_order":"","neve_meta_disable_header":"","neve_meta_disable_footer":"","neve_meta_disable_title":""},"categories":[2],"tags":[],"_links":{"self":[{"href":"https:\/\/fcbuetschwil.ch\/neu\/wp-json\/wp\/v2\/posts\/5689"}],"collection":[{"href":"https:\/\/fcbuetschwil.ch\/neu\/wp-json\/wp\/v2\/posts"}],"about":[{"href":"https:\/\/fcbuetschwil.ch\/neu\/wp-json\/wp\/v2\/types\/post"}],"author":[{"embeddable":true,"href":"https:\/\/fcbuetschwil.ch\/neu\/wp-json\/wp\/v2\/users\/7"}],"replies":[{"embeddable":true,"href":"https:\/\/fcbuetschwil.ch\/neu\/wp-json\/wp\/v2\/comments?post=5689"}],"version-history":[{"count":1,"href":"https:\/\/fcbuetschwil.ch\/neu\/wp-json\/wp\/v2\/posts\/5689\/revisions"}],"predecessor-version":[{"id":5691,"href":"https:\/\/fcbuetschwil.ch\/neu\/wp-json\/wp\/v2\/posts\/5689\/revisions\/5691"}],"wp:featuredmedia":[{"embeddable":true,"href":"https:\/\/fcbuetschwil.ch\/neu\/wp-json\/wp\/v2\/media\/5690"}],"wp:attachment":[{"href":"https:\/\/fcbuetschwil.ch\/neu\/wp-json\/wp\/v2\/media?parent=5689"}],"wp:term":[{"taxonomy":"category","embeddable":true,"href":"https:\/\/fcbuetschwil.ch\/neu\/wp-json\/wp\/v2\/categories?post=5689"},{"taxonomy":"post_tag","embeddable":true,"href":"https:\/\/fcbuetschwil.ch\/neu\/wp-json\/wp\/v2\/tags?post=5689"}],"curies":[{"name":"wp","href":"https:\/\/api.w.org\/{rel}","templated":true}]}}