{"id":5659,"date":"2023-04-17T21:33:21","date_gmt":"2023-04-17T19:33:21","guid":{"rendered":"https:\/\/fcbuetschwil.ch\/neu\/?p=5659"},"modified":"2023-04-17T21:38:45","modified_gmt":"2023-04-17T19:38:45","slug":"erfolgreiche-ausbildung-schiedsrichterinnen","status":"publish","type":"post","link":"https:\/\/fcbuetschwil.ch\/neu\/erfolgreiche-ausbildung-schiedsrichterinnen\/","title":{"rendered":"Erfolgreiche Ausbildung Schiedsrichterinnen"},"content":{"rendered":"\n<p>Wir gratulieren Annika Truniger und C\u00e9line Perret zum bestandenen Grundausbildungskurs als Schiedsrichterin. Den beiden w\u00fcnschen wir viel Erfolg und Freude beim Leiten der Spiele!<br><\/p>\n\n\n\n<p>Der FC B\u00fctschwil darf nun auf f\u00fcnf aktive Schiedsrichterinnen und Schiedsrichter z\u00e4hlen! Wir suchen stets nach neugierigen, motivierten und interessierten Personen. Dein Interesse wurde geweckt? Dann melde dich unter: <a href=\"mailto:schiriobmann@fcbuetschwil.ch\">schiriobmann@fcbuetschwil.ch<\/a>.<\/p>\n","protected":false},"excerpt":{"rendered":"<p>Wir gratulieren Annika Truniger und C\u00e9line Perret zum bestandenen Grundausbildungskurs als Schiedsrichterin. Den beiden w\u00fcnschen wir viel Erfolg und Freude beim Leiten der Spiele! Der FC B\u00fctschwil darf nun auf f\u00fcnf aktive Schiedsrichterinnen und Schiedsrichter z\u00e4hlen! Wir suchen stets nach neugierigen, motivierten und interessierten Personen. Dein Interesse wurde geweckt? Dann melde dich unter: schiriobmann@fcbuetschwil.ch.<\/p>\n","protected":false},"author":1,"featured_media":5666,"comment_status":"open","ping_status":"open","sticky":false,"template":"","format":"standard","meta":{"inline_featured_image":false,"_mi_skip_tracking":false,"kia_subtitle":"","neve_meta_sidebar":"","neve_meta_container":"","neve_meta_enable_content_width":"","neve_meta_content_width":0,"neve_meta_title_alignment":"","neve_meta_author_avatar":"","neve_post_elements_order":"","neve_meta_disable_header":"","neve_meta_disable_footer":"","neve_meta_disable_title":""},"categories":[34],"tags":[],"_links":{"self":[{"href":"https:\/\/fcbuetschwil.ch\/neu\/wp-json\/wp\/v2\/posts\/5659"}],"collection":[{"href":"https:\/\/fcbuetschwil.ch\/neu\/wp-json\/wp\/v2\/posts"}],"about":[{"href":"https:\/\/fcbuetschwil.ch\/neu\/wp-json\/wp\/v2\/types\/post"}],"author":[{"embeddable":true,"href":"https:\/\/fcbuetschwil.ch\/neu\/wp-json\/wp\/v2\/users\/1"}],"replies":[{"embeddable":true,"href":"https:\/\/fcbuetschwil.ch\/neu\/wp-json\/wp\/v2\/comments?post=5659"}],"version-history":[{"count":4,"href":"https:\/\/fcbuetschwil.ch\/neu\/wp-json\/wp\/v2\/posts\/5659\/revisions"}],"predecessor-version":[{"id":5667,"href":"https:\/\/fcbuetschwil.ch\/neu\/wp-json\/wp\/v2\/posts\/5659\/revisions\/5667"}],"wp:featuredmedia":[{"embeddable":true,"href":"https:\/\/fcbuetschwil.ch\/neu\/wp-json\/wp\/v2\/media\/5666"}],"wp:attachment":[{"href":"https:\/\/fcbuetschwil.ch\/neu\/wp-json\/wp\/v2\/media?parent=5659"}],"wp:term":[{"taxonomy":"category","embeddable":true,"href":"https:\/\/fcbuetschwil.ch\/neu\/wp-json\/wp\/v2\/categories?post=5659"},{"taxonomy":"post_tag","embeddable":true,"href":"https:\/\/fcbuetschwil.ch\/neu\/wp-json\/wp\/v2\/tags?post=5659"}],"curies":[{"name":"wp","href":"https:\/\/api.w.org\/{rel}","templated":true}]}}