{"id":5648,"date":"2023-04-16T20:35:57","date_gmt":"2023-04-16T18:35:57","guid":{"rendered":"https:\/\/fcbuetschwil.ch\/neu\/?p=5648"},"modified":"2023-04-16T20:35:59","modified_gmt":"2023-04-16T18:35:59","slug":"matchbericht-herren-1-vs-fc-sirnach-1","status":"publish","type":"post","link":"https:\/\/fcbuetschwil.ch\/neu\/matchbericht-herren-1-vs-fc-sirnach-1\/","title":{"rendered":"Matchbericht Herren 1 vs. FC Sirnach 1"},"content":{"rendered":"\n<p>Der FC B\u00fctschwil wendet in extremis die erste Saisonniederlage ab und rettet beim 4:4 trotz Zweitorer\u00fcckstand in Sirnach immerhin einen Punkt.<\/p>\n\n\n\n<p><strong>Link zum Spielbericht:<\/strong><\/p>\n\n\n\n<p><a href=\"https:\/\/www.tagblatt.ch\/ostschweiz\/toggenburg\/regionalfussball-das-war-knapp-der-fc-buetschwil-wendet-in-extremis-die-erste-saisonniederlage-ab-und-rettet-beim-44-trotz-zweitorerueckstand-in-sirnach-immerhin-einen-punkt-ld.2443294\">https:\/\/www.tagblatt.ch\/ostschweiz\/toggenburg\/regionalfussball-das-war-knapp-der-fc-buetschwil-wendet-in-extremis-die-erste-saisonniederlage-ab-und-rettet-beim-44-trotz-zweitorerueckstand-in-sirnach-immerhin-einen-punkt-ld.2443294<\/a><\/p>\n\n\n\n<p><strong>Matchtelegramm<\/strong><\/p>\n\n\n\n<p>FC Sirnach- FC B\u00fctschwil 4:4 (1:2)<\/p>\n\n\n\n<p>Sirnach<\/p>\n\n\n\n<p>Tore B\u00fctschwil: Eigentor, Elias Keller, Silvio Truniger, Daniel F\u00e4h.<\/p>\n\n\n\n<p>B\u00fctschwil: Noah Oswald, Gian Pfister, Marko Mikinac, Pascal Hollenstein, Silvan Forrer, Raphael Fust, David Birchler, Severin G\u00fcbeli, Elias Keller, Daniel F\u00e4h, Fabian Br\u00e4ndle.<\/p>\n","protected":false},"excerpt":{"rendered":"<p>Der FC B\u00fctschwil wendet in extremis die erste Saisonniederlage ab und rettet beim 4:4 trotz Zweitorer\u00fcckstand in Sirnach immerhin einen Punkt. Link zum Spielbericht: https:\/\/www.tagblatt.ch\/ostschweiz\/toggenburg\/regionalfussball-das-war-knapp-der-fc-buetschwil-wendet-in-extremis-die-erste-saisonniederlage-ab-und-rettet-beim-44-trotz-zweitorerueckstand-in-sirnach-immerhin-einen-punkt-ld.2443294 Matchtelegramm FC Sirnach- FC B\u00fctschwil 4:4 (1:2) Sirnach Tore B\u00fctschwil: Eigentor, Elias Keller, Silvio Truniger, Daniel F\u00e4h. B\u00fctschwil: Noah Oswald, Gian Pfister, Marko Mikinac, Pascal Hollenstein, Silvan Forrer, Raphael Fust,&hellip;&nbsp;<a href=\"https:\/\/fcbuetschwil.ch\/neu\/matchbericht-herren-1-vs-fc-sirnach-1\/\" class=\"\" rel=\"bookmark\">Weiterlesen &raquo;<span class=\"screen-reader-text\">Matchbericht Herren 1 vs. FC Sirnach 1<\/span><\/a><\/p>\n","protected":false},"author":7,"featured_media":5649,"comment_status":"open","ping_status":"open","sticky":false,"template":"","format":"standard","meta":{"inline_featured_image":false,"_mi_skip_tracking":false,"kia_subtitle":"B\u00fctschwil bleibt weiter ungeschlagen, gibt aber F\u00fchrung aus erster Halbzeit her und spielt Unentschieden in Sirnach.","neve_meta_sidebar":"","neve_meta_container":"","neve_meta_enable_content_width":"","neve_meta_content_width":0,"neve_meta_title_alignment":"","neve_meta_author_avatar":"","neve_post_elements_order":"","neve_meta_disable_header":"","neve_meta_disable_footer":"","neve_meta_disable_title":""},"categories":[2],"tags":[],"_links":{"self":[{"href":"https:\/\/fcbuetschwil.ch\/neu\/wp-json\/wp\/v2\/posts\/5648"}],"collection":[{"href":"https:\/\/fcbuetschwil.ch\/neu\/wp-json\/wp\/v2\/posts"}],"about":[{"href":"https:\/\/fcbuetschwil.ch\/neu\/wp-json\/wp\/v2\/types\/post"}],"author":[{"embeddable":true,"href":"https:\/\/fcbuetschwil.ch\/neu\/wp-json\/wp\/v2\/users\/7"}],"replies":[{"embeddable":true,"href":"https:\/\/fcbuetschwil.ch\/neu\/wp-json\/wp\/v2\/comments?post=5648"}],"version-history":[{"count":1,"href":"https:\/\/fcbuetschwil.ch\/neu\/wp-json\/wp\/v2\/posts\/5648\/revisions"}],"predecessor-version":[{"id":5650,"href":"https:\/\/fcbuetschwil.ch\/neu\/wp-json\/wp\/v2\/posts\/5648\/revisions\/5650"}],"wp:featuredmedia":[{"embeddable":true,"href":"https:\/\/fcbuetschwil.ch\/neu\/wp-json\/wp\/v2\/media\/5649"}],"wp:attachment":[{"href":"https:\/\/fcbuetschwil.ch\/neu\/wp-json\/wp\/v2\/media?parent=5648"}],"wp:term":[{"taxonomy":"category","embeddable":true,"href":"https:\/\/fcbuetschwil.ch\/neu\/wp-json\/wp\/v2\/categories?post=5648"},{"taxonomy":"post_tag","embeddable":true,"href":"https:\/\/fcbuetschwil.ch\/neu\/wp-json\/wp\/v2\/tags?post=5648"}],"curies":[{"name":"wp","href":"https:\/\/api.w.org\/{rel}","templated":true}]}}