{"id":5444,"date":"2023-04-03T08:46:03","date_gmt":"2023-04-03T06:46:03","guid":{"rendered":"https:\/\/fcbuetschwil.ch\/neu\/?p=5444"},"modified":"2023-04-03T08:46:05","modified_gmt":"2023-04-03T06:46:05","slug":"matchbericht-herren-1-vs-fc-dussnang-1","status":"publish","type":"post","link":"https:\/\/fcbuetschwil.ch\/neu\/matchbericht-herren-1-vs-fc-dussnang-1\/","title":{"rendered":"Matchbericht Herren 1 vs. FC Dussnang 1"},"content":{"rendered":"\n<p>Im ersten Heimspiel der R\u00fcckrunde verteidigt das Herren 1 die Tabellenspitze mit einem Sieg gegen Dussnang.<\/p>\n\n\n\n<p><strong>Link zum Spielbericht:<\/strong><\/p>\n\n\n\n<p><a href=\"https:\/\/www.tagblatt.ch\/ostschweiz\/toggenburg\/regionalfussball-der-fc-buetschwil-holt-sich-in-diesem-jahr-den-zweiten-sieg-und-bleibt-souveraener-leader-in-der-3-liga-ld.2438171\">https:\/\/www.tagblatt.ch\/ostschweiz\/toggenburg\/regionalfussball-der-fc-buetschwil-holt-sich-in-diesem-jahr-den-zweiten-sieg-und-bleibt-souveraener-leader-in-der-3-liga-ld.2438171<\/a><\/p>\n\n\n\n<p><strong>Matchtelegramm<\/strong><\/p>\n\n\n\n<p>FC B\u00fctschwil &#8211; FC Dussnang 1 2:0 (1:0)<\/p>\n\n\n\n<p>B\u00fctschwil, Breite<\/p>\n\n\n\n<p>Tore: 10. Raphael Fust, 58. Gian Pfister.<\/p>\n\n\n\n<p>B\u00fctschwil: Noah Oswald, Gian Pfister, Marko Mikinac, Pascal Hollenstein, Silvan Forrer, Raphael Fust, David Birchler, Severin G\u00fcbeli, Elias Keller, Daniel F\u00e4h, Fabian Br\u00e4ndle.<\/p>\n","protected":false},"excerpt":{"rendered":"<p>Im ersten Heimspiel der R\u00fcckrunde verteidigt das Herren 1 die Tabellenspitze mit einem Sieg gegen Dussnang. Link zum Spielbericht: https:\/\/www.tagblatt.ch\/ostschweiz\/toggenburg\/regionalfussball-der-fc-buetschwil-holt-sich-in-diesem-jahr-den-zweiten-sieg-und-bleibt-souveraener-leader-in-der-3-liga-ld.2438171 Matchtelegramm FC B\u00fctschwil &#8211; FC Dussnang 1 2:0 (1:0) B\u00fctschwil, Breite Tore: 10. Raphael Fust, 58. Gian Pfister. B\u00fctschwil: Noah Oswald, Gian Pfister, Marko Mikinac, Pascal Hollenstein, Silvan Forrer, Raphael Fust, David Birchler, Severin G\u00fcbeli,&hellip;&nbsp;<a href=\"https:\/\/fcbuetschwil.ch\/neu\/matchbericht-herren-1-vs-fc-dussnang-1\/\" class=\"\" rel=\"bookmark\">Weiterlesen &raquo;<span class=\"screen-reader-text\">Matchbericht Herren 1 vs. FC Dussnang 1<\/span><\/a><\/p>\n","protected":false},"author":7,"featured_media":5445,"comment_status":"open","ping_status":"open","sticky":false,"template":"","format":"standard","meta":{"inline_featured_image":false,"_mi_skip_tracking":false,"kia_subtitle":"Ein weiterer Heimsieg ohne Gegentor f\u00fcr das Herren 1.","neve_meta_sidebar":"","neve_meta_container":"","neve_meta_enable_content_width":"","neve_meta_content_width":0,"neve_meta_title_alignment":"","neve_meta_author_avatar":"","neve_post_elements_order":"","neve_meta_disable_header":"","neve_meta_disable_footer":"","neve_meta_disable_title":""},"categories":[2],"tags":[],"_links":{"self":[{"href":"https:\/\/fcbuetschwil.ch\/neu\/wp-json\/wp\/v2\/posts\/5444"}],"collection":[{"href":"https:\/\/fcbuetschwil.ch\/neu\/wp-json\/wp\/v2\/posts"}],"about":[{"href":"https:\/\/fcbuetschwil.ch\/neu\/wp-json\/wp\/v2\/types\/post"}],"author":[{"embeddable":true,"href":"https:\/\/fcbuetschwil.ch\/neu\/wp-json\/wp\/v2\/users\/7"}],"replies":[{"embeddable":true,"href":"https:\/\/fcbuetschwil.ch\/neu\/wp-json\/wp\/v2\/comments?post=5444"}],"version-history":[{"count":1,"href":"https:\/\/fcbuetschwil.ch\/neu\/wp-json\/wp\/v2\/posts\/5444\/revisions"}],"predecessor-version":[{"id":5446,"href":"https:\/\/fcbuetschwil.ch\/neu\/wp-json\/wp\/v2\/posts\/5444\/revisions\/5446"}],"wp:featuredmedia":[{"embeddable":true,"href":"https:\/\/fcbuetschwil.ch\/neu\/wp-json\/wp\/v2\/media\/5445"}],"wp:attachment":[{"href":"https:\/\/fcbuetschwil.ch\/neu\/wp-json\/wp\/v2\/media?parent=5444"}],"wp:term":[{"taxonomy":"category","embeddable":true,"href":"https:\/\/fcbuetschwil.ch\/neu\/wp-json\/wp\/v2\/categories?post=5444"},{"taxonomy":"post_tag","embeddable":true,"href":"https:\/\/fcbuetschwil.ch\/neu\/wp-json\/wp\/v2\/tags?post=5444"}],"curies":[{"name":"wp","href":"https:\/\/api.w.org\/{rel}","templated":true}]}}