{"id":5420,"date":"2023-03-26T20:19:41","date_gmt":"2023-03-26T18:19:41","guid":{"rendered":"https:\/\/fcbuetschwil.ch\/neu\/?p=5420"},"modified":"2023-03-28T17:56:00","modified_gmt":"2023-03-28T15:56:00","slug":"matchbericht-damen-1-vs-fc-ebnat-kappel-3","status":"publish","type":"post","link":"https:\/\/fcbuetschwil.ch\/neu\/matchbericht-damen-1-vs-fc-ebnat-kappel-3\/","title":{"rendered":"Matchbericht Damen 1 vs. FC Ebnat-Kappel"},"content":{"rendered":"\n<p>Vor gut vier Monaten gewann Ebnat-Kappel im Cup gegen FF Toggenburg dank vier Toren von Selin Roth mit 4:3. Am Sonntag schoss die Tormaschine \u00abnur\u00bb zwei Tore. Daf\u00fcr sprangen in der Meisterschaft andere in die Bresche und liessen die Obertoggenburgerinnen nach dem 4:2-Sieg jubeln.<\/p>\n\n\n\n<p><\/p>\n\n\n\n<p>Link zum Spielbericht: <a href=\"https:\/\/www.tagblatt.ch\/ostschweiz\/toggenburg\/regionalfussball-matchbericht-folgt-ff-toggenburg-ebnat-kappel-ld.2434847\">Das Team FF Toggenburg verliert erneut gegen Ebnat-Kappel. (tagblatt.ch)<\/a><\/p>\n\n\n\n<p>Foto: Beat Lanzendorfer<\/p>\n\n\n\n<p><\/p>\n\n\n\n<h3>Matchtelegramm<\/h3>\n\n\n\n<p>FF Toggenburg &#8211; FC Ebnat-Kappel 2:4 (0:3)<\/p>\n\n\n\n<p>Sportplatz Breite, B\u00fctschwil \u2013 50 Zuschauer \u2013 Tore: 13. Ebnat-Kappel, 25. Ebnat-Kappel, 29. Ebnat-Kappel, 46. Keller, 72. Ebnat-Kappel, 85. Hasler.<\/p>\n\n\n\n<p>B\u00fctschwil: Clerc; Heeb, G\u00fcbeli, Salzmann; F. Br\u00e4ndle, Keller, Thalmann, Kern; Mustafi, A. Br\u00e4ndle, Scherrer (Ersatz: Cabernard, Hagmann, Hasler, Helbling, Oberholzer).<\/p>\n\n\n\n<p>Link zum Matchtelegramm: <a href=\"https:\/\/matchcenter.ofv.swiss\/default.aspx?oid=9&amp;lng=1&amp;v=1699&amp;tg=3692437\">Ostschweizer Fussballverband &#8211; Match center (ofv.swiss)<\/a><\/p>\n\n\n\n<p><\/p>\n\n\n\n<p><strong>N\u00e4chstes Spiel: Sonntag, 02.04.2023, 11.30 Uhr, Sportplatz Aegeten, Widnau gegen den FC Widnau<\/strong><\/p>\n","protected":false},"excerpt":{"rendered":"<p>Vor gut vier Monaten gewann Ebnat-Kappel im Cup gegen FF Toggenburg dank vier Toren von Selin Roth mit 4:3. Am Sonntag schoss die Tormaschine \u00abnur\u00bb zwei Tore. Daf\u00fcr sprangen in der Meisterschaft andere in die Bresche und liessen die Obertoggenburgerinnen nach dem 4:2-Sieg jubeln. Link zum Spielbericht: Das Team FF Toggenburg verliert erneut gegen Ebnat-Kappel.&hellip;&nbsp;<a href=\"https:\/\/fcbuetschwil.ch\/neu\/matchbericht-damen-1-vs-fc-ebnat-kappel-3\/\" class=\"\" rel=\"bookmark\">Weiterlesen &raquo;<span class=\"screen-reader-text\">Matchbericht Damen 1 vs. FC Ebnat-Kappel<\/span><\/a><\/p>\n","protected":false},"author":1,"featured_media":5421,"comment_status":"open","ping_status":"open","sticky":false,"template":"","format":"standard","meta":{"inline_featured_image":false,"_mi_skip_tracking":false,"kia_subtitle":"Schock f\u00fcr FF Toggenburg: Wie im Cup verliert der 2.-Liga-Aufstiegsfavorit auch in der Meisterschaft gegen die Frauen aus Ebnat-Kappel","neve_meta_sidebar":"","neve_meta_container":"","neve_meta_enable_content_width":"","neve_meta_content_width":0,"neve_meta_title_alignment":"","neve_meta_author_avatar":"","neve_post_elements_order":"","neve_meta_disable_header":"","neve_meta_disable_footer":"","neve_meta_disable_title":""},"categories":[3],"tags":[],"_links":{"self":[{"href":"https:\/\/fcbuetschwil.ch\/neu\/wp-json\/wp\/v2\/posts\/5420"}],"collection":[{"href":"https:\/\/fcbuetschwil.ch\/neu\/wp-json\/wp\/v2\/posts"}],"about":[{"href":"https:\/\/fcbuetschwil.ch\/neu\/wp-json\/wp\/v2\/types\/post"}],"author":[{"embeddable":true,"href":"https:\/\/fcbuetschwil.ch\/neu\/wp-json\/wp\/v2\/users\/1"}],"replies":[{"embeddable":true,"href":"https:\/\/fcbuetschwil.ch\/neu\/wp-json\/wp\/v2\/comments?post=5420"}],"version-history":[{"count":4,"href":"https:\/\/fcbuetschwil.ch\/neu\/wp-json\/wp\/v2\/posts\/5420\/revisions"}],"predecessor-version":[{"id":5443,"href":"https:\/\/fcbuetschwil.ch\/neu\/wp-json\/wp\/v2\/posts\/5420\/revisions\/5443"}],"wp:featuredmedia":[{"embeddable":true,"href":"https:\/\/fcbuetschwil.ch\/neu\/wp-json\/wp\/v2\/media\/5421"}],"wp:attachment":[{"href":"https:\/\/fcbuetschwil.ch\/neu\/wp-json\/wp\/v2\/media?parent=5420"}],"wp:term":[{"taxonomy":"category","embeddable":true,"href":"https:\/\/fcbuetschwil.ch\/neu\/wp-json\/wp\/v2\/categories?post=5420"},{"taxonomy":"post_tag","embeddable":true,"href":"https:\/\/fcbuetschwil.ch\/neu\/wp-json\/wp\/v2\/tags?post=5420"}],"curies":[{"name":"wp","href":"https:\/\/api.w.org\/{rel}","templated":true}]}}