{"id":5390,"date":"2023-03-13T19:57:49","date_gmt":"2023-03-13T17:57:49","guid":{"rendered":"https:\/\/fcbuetschwil.ch\/neu\/?p=5390"},"modified":"2023-03-13T20:01:44","modified_gmt":"2023-03-13T18:01:44","slug":"trainingslager-2023-tag-7-8","status":"publish","type":"post","link":"https:\/\/fcbuetschwil.ch\/neu\/trainingslager-2023-tag-7-8\/","title":{"rendered":"Trainingslager 2023 &#8211; Tag 7 &amp; 8"},"content":{"rendered":"\n<p>Am vorletzten Tag wurde zum letzten Mal die Per\u00fccke vergeben. Denn \u00fcberraschend diskussionslos wurde der Vorschlag von Noah O. angenommen, f\u00fcr den Abreisetag keine Per\u00fccke mehr zu vergeben. Da am Abend Ausgang in Benidorm angesagt war, sahen sich offenbar zu viele Leute selbst als heisse&nbsp;Kandidaten f\u00fcr eine Per\u00fccken-Nominierung. F\u00fcr Tag 7 wurde mit deutlichem Resultat Gian P. gew\u00e4hlt. Seine desolate Schiedsrichterleistung beim Fussballgolf war nicht hinnehmbar. Und Gian P. liess mehrfach durchblicken, dass er die Per\u00fccke eigentlich ganz gerne einmal tragen w\u00fcrde.<\/p>\n\n\n\n<p>Anschliessend fand wieder das t\u00e4gliche Aktivierungsspiel statt, bei dem Severin G. mehr Einsatz gab als bei so manchen Trainings und beim &#8222;Ball-im-Kreis-weitergeben&#8220;-Spiel einen bereits verloren geglaubten Ball mit einem Hechtsprung rettete. Trotz Betonboden blieb der H\u00fcne unverletzt. Sicherheitshalber kl\u00e4rte Trainer Ruedi E. sp\u00e4ter doch noch ab, ob alle Spieler f\u00fcr das am Mittag anstehende Testspiel gegen den FC Seon einsatzbereit sind. W\u00e4hrend man in anderen Trainingslager bereits unz\u00e4hlige Verletzungen, Sonnenbr\u00e4nde oder leichte Organsch\u00e4den zu verzeichnen hatte, meldeten sich alle 17 Spieler einsatzbereit und gesund. Ja, sogar Dauer(ver)brenner Raphael F., der sich normalerweise bereits beim Anblick des &#8222;gelben S\u00fcnneli&#8217;s&#8220; im Wetterbericht&nbsp;eine Hautverbrennung ersten Grades anlacht. Und auch bei Gian P., der eigentlich eine ruhige Kugel schieben wollte, wurde die Mannschaft Zeuge einer Wunderheilung. Hatten doch alle damit gerechnet, dass er wieder mit seiner \u00fcblichen Masche, dem sorgenvollen Stirnrunzeln und Griff an die rechte Wade, loslegt, meldete sich dieser \u00fcberraschenderweise fit. Jedoch nur f\u00fcr die 2. Halbzeit. Schnell war auch klar wieso, hatten sich doch die Spielerinnen eines norwegischen Frauenteams als Zuschauerinnen f\u00fcr die zweite H\u00e4lfte angek\u00fcndigt.<\/p>\n\n\n\n<p>Also auf zum nahgelegenen Spielfeld. Gerade zur richtigen Zeit, wie sich herausstellte. Just als man ein anderes Spielfeld passierte, hatte ein Spieler der dort trainierenden Mannschaft einen medizinischen Notfall. Ein Gl\u00fcck, war unsere Physio und Heldin des Tages Sarah E. zur Stelle und konnte sofort Hilfe leisten. So ging die Situation den Umst\u00e4nden entsprechenden glimpflich aus.<\/p>\n\n\n\n<p>Dann war nach kurzem Aufw\u00e4rmen auch schon Anpfiff zum Testspiel. P\u00fcnktlich vor Ort waren unsere Fans vom Damen 1, welche sich f\u00fcr den musikalischen Ausrutscher von Ramon H. geh\u00f6rig revanchierten (siehe Tagebuch des Damen 1). Die Einlaufhymne war dann aber auch das einzige wirkliche Highlight der ersten H\u00e4lfte, welches mit 0:0 endete. Zum Gamechanger mutierte Gian P., der f\u00fcr unserem &#8222;\u00c4\u00e4s&#8220; erst das 2:0 markierte, um das Spiel dann gleich selbst wieder spannend mit einem Eigentor zum 2:1. Schlusspunkt setzte Sandro B., welcher nach dem Ausgleich des FC Seon in letzter Sekunde noch den 3:2-Siegtreffer markierte.<\/p>\n\n\n\n<p>Fussballerisch gesehen war das Testspiel der letzte Programmpunkt dieser Woche. Mit insgesamt 8 Trainings, 9 Theorie- und Videoanalyse-Einheiten und einem Testspiel hatte man auch ganz sch\u00f6n was geleistet. M\u00f6glich machten dies grossartige Vorbereitung der Trainercrew um Ruedi E., Peter B., Michele F. und Tobias Z. und die unerm\u00fcdliche Behandlung von diversen Wehwehchen der Spieler durch Physiotherapeutin Sarah E.<\/p>\n\n\n\n<p>Doch ein Trainingslager pr\u00e4gen nicht nur die Erlebnisse auf dem Fussballplatz, sondern auch die geselligen Stunden nebenbei. Und diesbez\u00fcglich war das Ende noch lange nicht in Sicht. Erst musste die Entscheidung in der Challenge her. Mit dem R\u00fccken zur Wand stand das Trio um Ruedi E., Peter B. und Michele F. In einem regeltechnisch gnadenlosen Finalspiel schien ein Comeback f\u00fcr sie beinahe aussichtslos. Jedoch machte &#8211; wer h\u00e4tte es gedacht &#8211; Elias K. den Schlussspurt noch einmal spannend, weil er seinem Team mit einem Regelverstoss eine saftige Zeitstrafe einbrockte. Bei Peter B. wuchs nun wieder leise Hoffnung. Doch niemand hatte auf dem Schirm, dass ausgerechnet Staffkollege Tobias Z.&nbsp;aus dem Konkurrenzteam dermassen siegesdurstig war und mit seiner tollen Einzelleistung das Trainer-Trio um die entscheidenden Punkte brachte. Deshalb blieb dem Trainer-Trio der Turnaround verwehrt und sie wurden beim gemeinsamen Abendessen im Steakhouse als Verlierer und somit Gewinner der wundersch\u00f6n gestalteten Verliererleibchen verk\u00fcndet. Den Sieg sicherten sich Silvan F., Noah O und einmal mehr Raphael F., der somit einen astreinen Hattrick mit drei Challenge-Siegen in Folge markiert. Chapeau.<\/p>\n\n\n\n<p>Der anschliessende Partyabend fand nach Redaktionsschluss der Berichterstatter Fabian B. und Pascal H. statt. Einzig anzumerken gibt es, dass die Abfahrt zum Flughafen am Folgetag um 05:00 Uhr einen Grossteil der Mannschaft noch lange \u00fcber die richtige Schlaf- bzw. Nichtschlaftaktik werweissen liess.\u00a0<\/p>\n\n\n\n<p>Zum Schluss sei noch gesagt, dass die Verlierershirts auf der Heimreise mit viel W\u00fcrde getragen wurden und die Mannschaft vollst\u00e4ndig und gesund zu Hause angekommen ist.<\/p>\n\n\n\n<p>Danke f\u00fcr&#8217;s Mitlesen und bis bald!<\/p>\n\n\n\n<figure class=\"wp-container-2 wp-block-gallery-1 wp-block-gallery has-nested-images columns-default is-cropped\">\n<figure class=\"wp-block-image size-large\"><img loading=\"lazy\" width=\"1024\" height=\"768\" data-id=\"5391\"  src=\"https:\/\/fcbuetschwil.ch\/neu\/wp-content\/uploads\/2023\/03\/65ed2b3d-449f-458d-a6db-8819927858bb-1024x768.jpg\" alt=\"\" class=\"wp-image-5391\" srcset=\"https:\/\/fcbuetschwil.ch\/neu\/wp-content\/uploads\/2023\/03\/65ed2b3d-449f-458d-a6db-8819927858bb-1024x768.jpg 1024w, https:\/\/fcbuetschwil.ch\/neu\/wp-content\/uploads\/2023\/03\/65ed2b3d-449f-458d-a6db-8819927858bb-1000x750.jpg 1000w, https:\/\/fcbuetschwil.ch\/neu\/wp-content\/uploads\/2023\/03\/65ed2b3d-449f-458d-a6db-8819927858bb-768x576.jpg 768w, https:\/\/fcbuetschwil.ch\/neu\/wp-content\/uploads\/2023\/03\/65ed2b3d-449f-458d-a6db-8819927858bb-1536x1152.jpg 1536w, https:\/\/fcbuetschwil.ch\/neu\/wp-content\/uploads\/2023\/03\/65ed2b3d-449f-458d-a6db-8819927858bb.jpg 2000w\" sizes=\"(max-width: 1024px) 100vw, 1024px\" \/><\/figure>\n\n\n\n<figure class=\"wp-block-image size-large\"><img loading=\"lazy\" width=\"1024\" height=\"681\" data-id=\"5393\"  src=\"https:\/\/fcbuetschwil.ch\/neu\/wp-content\/uploads\/2023\/03\/ebc33f1e-8e86-4e59-9e5f-be4cc19b8d2a-1024x681.jpg\" alt=\"\" class=\"wp-image-5393\" srcset=\"https:\/\/fcbuetschwil.ch\/neu\/wp-content\/uploads\/2023\/03\/ebc33f1e-8e86-4e59-9e5f-be4cc19b8d2a-1024x681.jpg 1024w, https:\/\/fcbuetschwil.ch\/neu\/wp-content\/uploads\/2023\/03\/ebc33f1e-8e86-4e59-9e5f-be4cc19b8d2a-1000x665.jpg 1000w, https:\/\/fcbuetschwil.ch\/neu\/wp-content\/uploads\/2023\/03\/ebc33f1e-8e86-4e59-9e5f-be4cc19b8d2a-768x511.jpg 768w, https:\/\/fcbuetschwil.ch\/neu\/wp-content\/uploads\/2023\/03\/ebc33f1e-8e86-4e59-9e5f-be4cc19b8d2a-391x260.jpg 391w, https:\/\/fcbuetschwil.ch\/neu\/wp-content\/uploads\/2023\/03\/ebc33f1e-8e86-4e59-9e5f-be4cc19b8d2a-1536x1022.jpg 1536w, https:\/\/fcbuetschwil.ch\/neu\/wp-content\/uploads\/2023\/03\/ebc33f1e-8e86-4e59-9e5f-be4cc19b8d2a.jpg 2048w\" sizes=\"(max-width: 1024px) 100vw, 1024px\" \/><\/figure>\n\n\n\n<figure class=\"wp-block-image size-large\"><img loading=\"lazy\" width=\"1024\" height=\"681\" data-id=\"5396\"  src=\"https:\/\/fcbuetschwil.ch\/neu\/wp-content\/uploads\/2023\/03\/7605c7f0-19b9-4f3e-8aaf-d79e1fb5c694-1024x681.jpg\" alt=\"\" class=\"wp-image-5396\" srcset=\"https:\/\/fcbuetschwil.ch\/neu\/wp-content\/uploads\/2023\/03\/7605c7f0-19b9-4f3e-8aaf-d79e1fb5c694-1024x681.jpg 1024w, https:\/\/fcbuetschwil.ch\/neu\/wp-content\/uploads\/2023\/03\/7605c7f0-19b9-4f3e-8aaf-d79e1fb5c694-1000x665.jpg 1000w, https:\/\/fcbuetschwil.ch\/neu\/wp-content\/uploads\/2023\/03\/7605c7f0-19b9-4f3e-8aaf-d79e1fb5c694-768x511.jpg 768w, https:\/\/fcbuetschwil.ch\/neu\/wp-content\/uploads\/2023\/03\/7605c7f0-19b9-4f3e-8aaf-d79e1fb5c694-391x260.jpg 391w, https:\/\/fcbuetschwil.ch\/neu\/wp-content\/uploads\/2023\/03\/7605c7f0-19b9-4f3e-8aaf-d79e1fb5c694-1536x1022.jpg 1536w, https:\/\/fcbuetschwil.ch\/neu\/wp-content\/uploads\/2023\/03\/7605c7f0-19b9-4f3e-8aaf-d79e1fb5c694.jpg 2048w\" sizes=\"(max-width: 1024px) 100vw, 1024px\" \/><\/figure>\n\n\n\n<figure class=\"wp-block-image size-large\"><img loading=\"lazy\" width=\"1024\" height=\"768\" data-id=\"5392\"  src=\"https:\/\/fcbuetschwil.ch\/neu\/wp-content\/uploads\/2023\/03\/5d4637ad-e5bd-4f65-815e-8562ba966849.jpg\" alt=\"\" class=\"wp-image-5392\" srcset=\"https:\/\/fcbuetschwil.ch\/neu\/wp-content\/uploads\/2023\/03\/5d4637ad-e5bd-4f65-815e-8562ba966849.jpg 1024w, https:\/\/fcbuetschwil.ch\/neu\/wp-content\/uploads\/2023\/03\/5d4637ad-e5bd-4f65-815e-8562ba966849-1000x750.jpg 1000w, https:\/\/fcbuetschwil.ch\/neu\/wp-content\/uploads\/2023\/03\/5d4637ad-e5bd-4f65-815e-8562ba966849-768x576.jpg 768w\" sizes=\"(max-width: 1024px) 100vw, 1024px\" \/><\/figure>\n\n\n\n<figure class=\"wp-block-image size-large\"><img loading=\"lazy\" width=\"1024\" height=\"768\" data-id=\"5395\"  src=\"https:\/\/fcbuetschwil.ch\/neu\/wp-content\/uploads\/2023\/03\/b03356ce-c222-463e-a620-cf3ac9592138-1024x768.jpg\" alt=\"\" class=\"wp-image-5395\" srcset=\"https:\/\/fcbuetschwil.ch\/neu\/wp-content\/uploads\/2023\/03\/b03356ce-c222-463e-a620-cf3ac9592138-1024x768.jpg 1024w, https:\/\/fcbuetschwil.ch\/neu\/wp-content\/uploads\/2023\/03\/b03356ce-c222-463e-a620-cf3ac9592138-1000x750.jpg 1000w, https:\/\/fcbuetschwil.ch\/neu\/wp-content\/uploads\/2023\/03\/b03356ce-c222-463e-a620-cf3ac9592138-768x576.jpg 768w, https:\/\/fcbuetschwil.ch\/neu\/wp-content\/uploads\/2023\/03\/b03356ce-c222-463e-a620-cf3ac9592138-1536x1152.jpg 1536w, https:\/\/fcbuetschwil.ch\/neu\/wp-content\/uploads\/2023\/03\/b03356ce-c222-463e-a620-cf3ac9592138.jpg 2048w\" sizes=\"(max-width: 1024px) 100vw, 1024px\" \/><\/figure>\n<\/figure>\n","protected":false},"excerpt":{"rendered":"<p>Am vorletzten Tag wurde zum letzten Mal die Per\u00fccke vergeben. Denn \u00fcberraschend diskussionslos wurde der Vorschlag von Noah O. angenommen, f\u00fcr den Abreisetag keine Per\u00fccke mehr zu vergeben. Da am Abend Ausgang in Benidorm angesagt war, sahen sich offenbar zu viele Leute selbst als heisse&nbsp;Kandidaten f\u00fcr eine Per\u00fccken-Nominierung. F\u00fcr Tag 7 wurde mit deutlichem Resultat&hellip;&nbsp;<a href=\"https:\/\/fcbuetschwil.ch\/neu\/trainingslager-2023-tag-7-8\/\" class=\"\" rel=\"bookmark\">Weiterlesen &raquo;<span class=\"screen-reader-text\">Trainingslager 2023 &#8211; Tag 7 &amp; 8<\/span><\/a><\/p>\n","protected":false},"author":2,"featured_media":5393,"comment_status":"open","ping_status":"open","sticky":false,"template":"","format":"standard","meta":{"inline_featured_image":false,"_mi_skip_tracking":false,"kia_subtitle":"Tag 7 & 8","neve_meta_sidebar":"","neve_meta_container":"","neve_meta_enable_content_width":"","neve_meta_content_width":0,"neve_meta_title_alignment":"","neve_meta_author_avatar":"","neve_post_elements_order":"","neve_meta_disable_header":"","neve_meta_disable_footer":"","neve_meta_disable_title":""},"categories":[55],"tags":[],"_links":{"self":[{"href":"https:\/\/fcbuetschwil.ch\/neu\/wp-json\/wp\/v2\/posts\/5390"}],"collection":[{"href":"https:\/\/fcbuetschwil.ch\/neu\/wp-json\/wp\/v2\/posts"}],"about":[{"href":"https:\/\/fcbuetschwil.ch\/neu\/wp-json\/wp\/v2\/types\/post"}],"author":[{"embeddable":true,"href":"https:\/\/fcbuetschwil.ch\/neu\/wp-json\/wp\/v2\/users\/2"}],"replies":[{"embeddable":true,"href":"https:\/\/fcbuetschwil.ch\/neu\/wp-json\/wp\/v2\/comments?post=5390"}],"version-history":[{"count":1,"href":"https:\/\/fcbuetschwil.ch\/neu\/wp-json\/wp\/v2\/posts\/5390\/revisions"}],"predecessor-version":[{"id":5397,"href":"https:\/\/fcbuetschwil.ch\/neu\/wp-json\/wp\/v2\/posts\/5390\/revisions\/5397"}],"wp:featuredmedia":[{"embeddable":true,"href":"https:\/\/fcbuetschwil.ch\/neu\/wp-json\/wp\/v2\/media\/5393"}],"wp:attachment":[{"href":"https:\/\/fcbuetschwil.ch\/neu\/wp-json\/wp\/v2\/media?parent=5390"}],"wp:term":[{"taxonomy":"category","embeddable":true,"href":"https:\/\/fcbuetschwil.ch\/neu\/wp-json\/wp\/v2\/categories?post=5390"},{"taxonomy":"post_tag","embeddable":true,"href":"https:\/\/fcbuetschwil.ch\/neu\/wp-json\/wp\/v2\/tags?post=5390"}],"curies":[{"name":"wp","href":"https:\/\/api.w.org\/{rel}","templated":true}]}}