{"id":5372,"date":"2023-03-11T18:32:40","date_gmt":"2023-03-11T16:32:40","guid":{"rendered":"https:\/\/fcbuetschwil.ch\/neu\/?p=5372"},"modified":"2023-03-11T18:32:43","modified_gmt":"2023-03-11T16:32:43","slug":"trainingslager-2023-tag-8","status":"publish","type":"post","link":"https:\/\/fcbuetschwil.ch\/neu\/trainingslager-2023-tag-8\/","title":{"rendered":"Trainingslager 2023 &#8211; Tag 8"},"content":{"rendered":"\n<p>Trainingslager 2023 \u2013 8. Tagebucheintrag<\/p>\n\n\n\n<p>Samstag, 11. M\u00e4rz 2023<\/p>\n\n\n\n<p>\u00dcbern\u00e4chtigt wurde am Samstagmorgen um 5.00 Uhr die R\u00fcckreise angetreten. Da sich viele das Clubleben von Benidorm am letzten Abend nicht entgehen lassen wollten, sah man bei der Besammlung viele m\u00fcde und fragw\u00fcrdige Gesichter. Dementsprechend viel wurde w\u00e4hrend der nachfolgenden Carfahrt geschlafen und wenig getratscht. M.S. staunte nicht schlecht, als sie im Car aufwachte und feststellen musste, dass der Car sich schon am Flughafen befindet und sie sich nicht daran erinnern konnte, dass sie jemals den Car bestiegen hatte. Am Flughafen &#8211; viel zu fr\u00fch angekommen &#8211; probierten einige das Lunch Packet, welches uns von Raul \u00fcberreicht wurde. Das Packet versprach nicht das, was die Spielerinnen erwartet hatten, sondern schmeckte gem\u00e4ss S.H. nach Katzenfutter. Daher wurde nach der problemlos verlaufenen Sicherheitskontrolle ausgiebig bei Starbucks gefr\u00fchst\u00fcckt. Nach dem sich alle gest\u00e4rkt hatten, bemerkte die Reisegruppe, dass ihr Flug eine halbe Stunde Versp\u00e4tung hatte. Diese Zeit wurde f\u00fcr ein erneutes Nickerchen genutzt.<\/p>\n\n\n\n<p>Als das Flugzeug dann endlich abhob, wurde der Flug wiederum genutzt, um den verpassten Schlaf nachzuholen. Das Damen 1 erreichte die Zieldestination Z\u00fcrich mit ca. 5min Versp\u00e4tung nach einem turbulenten Flug. In der Schweiz angekommen erlitt die Mannschaft direkt einen Temperaturschock, da sich das Wetter von 25 Grad und Sonne zu 2 Grad und leichte Schneeschauer \u00e4nderte.<\/p>\n\n\n\n<p>Die Mannschaft bedankt sich bei allen Trainern, Organisatoren, Physios und Teilnehmern f\u00fcr das gro\u00dfartige Trainingslager, welches uns allen sicher in guter Erinnerung bleiben wird. (S.H. \/ V.K.)<\/p>\n\n\n\n<figure class=\"wp-container-2 wp-block-gallery-1 wp-block-gallery has-nested-images columns-default is-cropped\">\n<figure class=\"wp-block-image size-large\"><img loading=\"lazy\" width=\"1536\" height=\"2048\" data-id=\"5376\"  src=\"https:\/\/fcbuetschwil.ch\/neu\/wp-content\/uploads\/2023\/03\/c0888f89-754e-483b-8132-e5c837545d59.jpg\" alt=\"\" class=\"wp-image-5376\" srcset=\"https:\/\/fcbuetschwil.ch\/neu\/wp-content\/uploads\/2023\/03\/c0888f89-754e-483b-8132-e5c837545d59.jpg 1536w, https:\/\/fcbuetschwil.ch\/neu\/wp-content\/uploads\/2023\/03\/c0888f89-754e-483b-8132-e5c837545d59-750x1000.jpg 750w, https:\/\/fcbuetschwil.ch\/neu\/wp-content\/uploads\/2023\/03\/c0888f89-754e-483b-8132-e5c837545d59-768x1024.jpg 768w, https:\/\/fcbuetschwil.ch\/neu\/wp-content\/uploads\/2023\/03\/c0888f89-754e-483b-8132-e5c837545d59-300x400.jpg 300w, https:\/\/fcbuetschwil.ch\/neu\/wp-content\/uploads\/2023\/03\/c0888f89-754e-483b-8132-e5c837545d59-1152x1536.jpg 1152w\" sizes=\"(max-width: 1536px) 100vw, 1536px\" \/><\/figure>\n\n\n\n<figure class=\"wp-block-image size-large\"><img loading=\"lazy\" width=\"1536\" height=\"2048\" data-id=\"5373\"  src=\"https:\/\/fcbuetschwil.ch\/neu\/wp-content\/uploads\/2023\/03\/2fb4c7f5-6221-4790-b671-d9faa40d7b6d.jpg\" alt=\"\" class=\"wp-image-5373\" srcset=\"https:\/\/fcbuetschwil.ch\/neu\/wp-content\/uploads\/2023\/03\/2fb4c7f5-6221-4790-b671-d9faa40d7b6d.jpg 1536w, https:\/\/fcbuetschwil.ch\/neu\/wp-content\/uploads\/2023\/03\/2fb4c7f5-6221-4790-b671-d9faa40d7b6d-750x1000.jpg 750w, https:\/\/fcbuetschwil.ch\/neu\/wp-content\/uploads\/2023\/03\/2fb4c7f5-6221-4790-b671-d9faa40d7b6d-768x1024.jpg 768w, https:\/\/fcbuetschwil.ch\/neu\/wp-content\/uploads\/2023\/03\/2fb4c7f5-6221-4790-b671-d9faa40d7b6d-300x400.jpg 300w, https:\/\/fcbuetschwil.ch\/neu\/wp-content\/uploads\/2023\/03\/2fb4c7f5-6221-4790-b671-d9faa40d7b6d-1152x1536.jpg 1152w\" sizes=\"(max-width: 1536px) 100vw, 1536px\" \/><\/figure>\n\n\n\n<figure class=\"wp-block-image size-large\"><img loading=\"lazy\" width=\"1536\" height=\"2048\" data-id=\"5375\"  src=\"https:\/\/fcbuetschwil.ch\/neu\/wp-content\/uploads\/2023\/03\/6802dcc2-de5a-4008-be57-3e7508e1dde2.jpg\" alt=\"\" class=\"wp-image-5375\" srcset=\"https:\/\/fcbuetschwil.ch\/neu\/wp-content\/uploads\/2023\/03\/6802dcc2-de5a-4008-be57-3e7508e1dde2.jpg 1536w, https:\/\/fcbuetschwil.ch\/neu\/wp-content\/uploads\/2023\/03\/6802dcc2-de5a-4008-be57-3e7508e1dde2-750x1000.jpg 750w, https:\/\/fcbuetschwil.ch\/neu\/wp-content\/uploads\/2023\/03\/6802dcc2-de5a-4008-be57-3e7508e1dde2-768x1024.jpg 768w, https:\/\/fcbuetschwil.ch\/neu\/wp-content\/uploads\/2023\/03\/6802dcc2-de5a-4008-be57-3e7508e1dde2-300x400.jpg 300w, https:\/\/fcbuetschwil.ch\/neu\/wp-content\/uploads\/2023\/03\/6802dcc2-de5a-4008-be57-3e7508e1dde2-1152x1536.jpg 1152w\" sizes=\"(max-width: 1536px) 100vw, 1536px\" \/><\/figure>\n\n\n\n<figure class=\"wp-block-image size-large\"><img loading=\"lazy\" width=\"1536\" height=\"2048\" data-id=\"5374\"  src=\"https:\/\/fcbuetschwil.ch\/neu\/wp-content\/uploads\/2023\/03\/52e9d7d9-8413-48db-8c06-9821277b088a.jpg\" alt=\"\" class=\"wp-image-5374\" srcset=\"https:\/\/fcbuetschwil.ch\/neu\/wp-content\/uploads\/2023\/03\/52e9d7d9-8413-48db-8c06-9821277b088a.jpg 1536w, https:\/\/fcbuetschwil.ch\/neu\/wp-content\/uploads\/2023\/03\/52e9d7d9-8413-48db-8c06-9821277b088a-750x1000.jpg 750w, https:\/\/fcbuetschwil.ch\/neu\/wp-content\/uploads\/2023\/03\/52e9d7d9-8413-48db-8c06-9821277b088a-768x1024.jpg 768w, https:\/\/fcbuetschwil.ch\/neu\/wp-content\/uploads\/2023\/03\/52e9d7d9-8413-48db-8c06-9821277b088a-300x400.jpg 300w, https:\/\/fcbuetschwil.ch\/neu\/wp-content\/uploads\/2023\/03\/52e9d7d9-8413-48db-8c06-9821277b088a-1152x1536.jpg 1152w\" sizes=\"(max-width: 1536px) 100vw, 1536px\" \/><\/figure>\n<\/figure>\n","protected":false},"excerpt":{"rendered":"<p>Trainingslager 2023 \u2013 8. Tagebucheintrag Samstag, 11. M\u00e4rz 2023 \u00dcbern\u00e4chtigt wurde am Samstagmorgen um 5.00 Uhr die R\u00fcckreise angetreten. Da sich viele das Clubleben von Benidorm am letzten Abend nicht entgehen lassen wollten, sah man bei der Besammlung viele m\u00fcde und fragw\u00fcrdige Gesichter. Dementsprechend viel wurde w\u00e4hrend der nachfolgenden Carfahrt geschlafen und wenig getratscht. M.S.&hellip;&nbsp;<a href=\"https:\/\/fcbuetschwil.ch\/neu\/trainingslager-2023-tag-8\/\" class=\"\" rel=\"bookmark\">Weiterlesen &raquo;<span class=\"screen-reader-text\">Trainingslager 2023 &#8211; Tag 8<\/span><\/a><\/p>\n","protected":false},"author":1,"featured_media":5373,"comment_status":"open","ping_status":"open","sticky":false,"template":"","format":"standard","meta":{"inline_featured_image":false,"_mi_skip_tracking":false,"kia_subtitle":"","neve_meta_sidebar":"","neve_meta_container":"","neve_meta_enable_content_width":"","neve_meta_content_width":0,"neve_meta_title_alignment":"","neve_meta_author_avatar":"","neve_post_elements_order":"","neve_meta_disable_header":"","neve_meta_disable_footer":"","neve_meta_disable_title":""},"categories":[56],"tags":[],"_links":{"self":[{"href":"https:\/\/fcbuetschwil.ch\/neu\/wp-json\/wp\/v2\/posts\/5372"}],"collection":[{"href":"https:\/\/fcbuetschwil.ch\/neu\/wp-json\/wp\/v2\/posts"}],"about":[{"href":"https:\/\/fcbuetschwil.ch\/neu\/wp-json\/wp\/v2\/types\/post"}],"author":[{"embeddable":true,"href":"https:\/\/fcbuetschwil.ch\/neu\/wp-json\/wp\/v2\/users\/1"}],"replies":[{"embeddable":true,"href":"https:\/\/fcbuetschwil.ch\/neu\/wp-json\/wp\/v2\/comments?post=5372"}],"version-history":[{"count":1,"href":"https:\/\/fcbuetschwil.ch\/neu\/wp-json\/wp\/v2\/posts\/5372\/revisions"}],"predecessor-version":[{"id":5377,"href":"https:\/\/fcbuetschwil.ch\/neu\/wp-json\/wp\/v2\/posts\/5372\/revisions\/5377"}],"wp:featuredmedia":[{"embeddable":true,"href":"https:\/\/fcbuetschwil.ch\/neu\/wp-json\/wp\/v2\/media\/5373"}],"wp:attachment":[{"href":"https:\/\/fcbuetschwil.ch\/neu\/wp-json\/wp\/v2\/media?parent=5372"}],"wp:term":[{"taxonomy":"category","embeddable":true,"href":"https:\/\/fcbuetschwil.ch\/neu\/wp-json\/wp\/v2\/categories?post=5372"},{"taxonomy":"post_tag","embeddable":true,"href":"https:\/\/fcbuetschwil.ch\/neu\/wp-json\/wp\/v2\/tags?post=5372"}],"curies":[{"name":"wp","href":"https:\/\/api.w.org\/{rel}","templated":true}]}}