{"id":5361,"date":"2023-03-11T18:16:15","date_gmt":"2023-03-11T16:16:15","guid":{"rendered":"https:\/\/fcbuetschwil.ch\/neu\/?p=5361"},"modified":"2023-03-11T18:16:17","modified_gmt":"2023-03-11T16:16:17","slug":"trainingslager-2023-tag-7","status":"publish","type":"post","link":"https:\/\/fcbuetschwil.ch\/neu\/trainingslager-2023-tag-7\/","title":{"rendered":"Trainingslager 2023 &#8211; Tag 7"},"content":{"rendered":"\n<p>Trainingslager 2023 \u2013 7. Tagebucheintrag<\/p>\n\n\n\n<p>Freitag, 10. M\u00e4rz 2023<\/p>\n\n\n\n<p>F\u00fcr die einen begann der Freitag etwas fr\u00fcher als f\u00fcr andere. In aller Herrgottsfr\u00fche (07.00 Uhr) machten sich M. S., M. H., L. F. &amp; A. H. auf an den Strand, um den Sonnenaufgang zu geniessen. Nicht nur auf dem R\u00fcckweg, sondern bereits schon auf dem Hinweg, wurden die geliebten und teilweise zu erneuernden Babuchas auf durchgehende Tempoversch\u00e4rfung getestet, damit die Truppe p\u00fcnktlich zum Morgenessen erscheint.<br><br>Die Youngsters M. S., M. H. &amp; L. F. fielen mit erneuten Zimmerkarten-Problemen auf und mussten auch das Material vervollst\u00e4ndigt zur\u00fcckbringen. Die verschollene Koordinationsleiter fand aus unerkl\u00e4rlichen Gr\u00fcnden nie den Weg ins Training. Bei der R\u00fcckgabe \u00fcbernahm die \u00e4lteste M. S. die Verantwortung und begeisterte mit ihrer Sprachgewandtheit.<br><br>Das letzte Training stand am Morgen auf dem Programm. Es verlief alles nach Plan bis auf wenigen Komplikationen zwischen C. H. und den Pfosten. #B\u00e4\u00e4mB\u00e4\u00e4m<br><br>Nach dem Training ging es rasch unter die Dusche, damit alle p\u00fcnktlich zum Einlaufen des Matches unserer Herrenmannschaft erschienen. Um Gleichheit zu schaffen, wurde eine Revanche zum &#8222;Kartoffelsalat&#8220;-Song ausgedacht. Da die Verantwortliche Box-Mitbringerin M. T. etwas knapp zum Spiel kam und zus\u00e4tzlich technische Probleme auftraten wurde der Song &#8222;Mein bester Freund&#8220; auf das erste Tor verschoben. Da die M\u00e4nner bereits b\u00f6se Vorahnungen hatten, liessen sie sich etwas Zeit mit dem ersten Tor. Damit M. T. aber nichts verpasste und rasch wieder als DJane agieren konnte, wurde auch extra nur die Buschtoilette besucht.<br><br>Die Sonne scheinte den ganzen Tag und es war dementsprechend warm. Kurze Hosen waren angesagt. Einige &#8222;\u00c4rm\u00e4&#8220; und Schenkel bekamen etwas Farbe, oftmals rot statt braun. Das Mittagessen schmeckte k\u00f6stlich. Der Nachmittag wurde mit Physio, S\u00fcnnel\u00e4, Schlof\u00e4 und UNO spielen verbracht.<br><br>F\u00fcr ein Schrei im Treppenhaus sorgte ein bester Freund. M. G. und A. B. wurden von identifizierbaren Ger\u00fcchen in die obere Etage gelockt. Bei M. G.s Klopfauftritt \u00f6ffneten sich die Toren mit unerwarteten Anblicken. OMG.<br><br>F\u00fcr das letzte Abendmal beim Griechen in Spanien putzten sich alle die Ohren und zogen ausnahmsweise mal keine Trainerhosen an. Trotz unseres sch\u00f6nen Anblicks und fl\u00fcsternden Anstossens, flehten einige G\u00e4ste um einen Sicherheitsabstand.<br><br>Nach dem preiswerten und feinen Essen wurden in der Lobby Bedankungen und Ehrungen ausgesprochen. Gemeinsam ging es dann mit den Taxis nach Benidorm, um die Strassen unsicher zu machen. Es ging zuerst in die Ku Lounge, sp\u00e4ter schlossen sich uns auch die Herren an.<br><br>Neben tsch\u00fcttele, w\u00fcrfeln und Billiard spielen fand V. K. Spass daran das Getr\u00e4nk auf dem ganzen Tisch zu verteilen. Unfreiwillige Flirtversuche des K\u00fccken M. H. sorgten ebenfalls f\u00fcr Lacher. Der Abend endete f\u00fcr niemanden vor 24.00 Uhr. (M.T. \/ M.H. \/ M.S.)<\/p>\n\n\n\n<figure class=\"wp-container-2 wp-block-gallery-1 wp-block-gallery has-nested-images columns-default is-cropped\">\n<figure class=\"wp-block-image size-large\"><img loading=\"lazy\" width=\"1024\" height=\"681\" data-id=\"5362\"  src=\"https:\/\/fcbuetschwil.ch\/neu\/wp-content\/uploads\/2023\/03\/1-5-1024x681.jpg\" alt=\"\" class=\"wp-image-5362\" srcset=\"https:\/\/fcbuetschwil.ch\/neu\/wp-content\/uploads\/2023\/03\/1-5-1024x681.jpg 1024w, https:\/\/fcbuetschwil.ch\/neu\/wp-content\/uploads\/2023\/03\/1-5-1000x665.jpg 1000w, https:\/\/fcbuetschwil.ch\/neu\/wp-content\/uploads\/2023\/03\/1-5-768x511.jpg 768w, https:\/\/fcbuetschwil.ch\/neu\/wp-content\/uploads\/2023\/03\/1-5-391x260.jpg 391w, https:\/\/fcbuetschwil.ch\/neu\/wp-content\/uploads\/2023\/03\/1-5-1536x1021.jpg 1536w, https:\/\/fcbuetschwil.ch\/neu\/wp-content\/uploads\/2023\/03\/1-5-2048x1362.jpg 2048w\" sizes=\"(max-width: 1024px) 100vw, 1024px\" \/><\/figure>\n\n\n\n<figure class=\"wp-block-image size-large\"><img loading=\"lazy\" width=\"1024\" height=\"681\" data-id=\"5367\"  src=\"https:\/\/fcbuetschwil.ch\/neu\/wp-content\/uploads\/2023\/03\/2-4-1024x681.jpg\" alt=\"\" class=\"wp-image-5367\" srcset=\"https:\/\/fcbuetschwil.ch\/neu\/wp-content\/uploads\/2023\/03\/2-4-1024x681.jpg 1024w, https:\/\/fcbuetschwil.ch\/neu\/wp-content\/uploads\/2023\/03\/2-4-1000x665.jpg 1000w, https:\/\/fcbuetschwil.ch\/neu\/wp-content\/uploads\/2023\/03\/2-4-768x511.jpg 768w, https:\/\/fcbuetschwil.ch\/neu\/wp-content\/uploads\/2023\/03\/2-4-391x260.jpg 391w, https:\/\/fcbuetschwil.ch\/neu\/wp-content\/uploads\/2023\/03\/2-4-1536x1021.jpg 1536w, https:\/\/fcbuetschwil.ch\/neu\/wp-content\/uploads\/2023\/03\/2-4-2048x1362.jpg 2048w\" sizes=\"(max-width: 1024px) 100vw, 1024px\" \/><\/figure>\n\n\n\n<figure class=\"wp-block-image size-large\"><img loading=\"lazy\" width=\"1024\" height=\"681\" data-id=\"5363\"  src=\"https:\/\/fcbuetschwil.ch\/neu\/wp-content\/uploads\/2023\/03\/3-4-1024x681.jpg\" alt=\"\" class=\"wp-image-5363\" srcset=\"https:\/\/fcbuetschwil.ch\/neu\/wp-content\/uploads\/2023\/03\/3-4-1024x681.jpg 1024w, https:\/\/fcbuetschwil.ch\/neu\/wp-content\/uploads\/2023\/03\/3-4-1000x665.jpg 1000w, https:\/\/fcbuetschwil.ch\/neu\/wp-content\/uploads\/2023\/03\/3-4-768x511.jpg 768w, https:\/\/fcbuetschwil.ch\/neu\/wp-content\/uploads\/2023\/03\/3-4-391x260.jpg 391w, https:\/\/fcbuetschwil.ch\/neu\/wp-content\/uploads\/2023\/03\/3-4-1536x1021.jpg 1536w, https:\/\/fcbuetschwil.ch\/neu\/wp-content\/uploads\/2023\/03\/3-4-2048x1362.jpg 2048w\" sizes=\"(max-width: 1024px) 100vw, 1024px\" \/><\/figure>\n\n\n\n<figure class=\"wp-block-image size-large\"><img loading=\"lazy\" width=\"1024\" height=\"681\" data-id=\"5365\"  src=\"https:\/\/fcbuetschwil.ch\/neu\/wp-content\/uploads\/2023\/03\/4-3-1024x681.jpg\" alt=\"\" class=\"wp-image-5365\" srcset=\"https:\/\/fcbuetschwil.ch\/neu\/wp-content\/uploads\/2023\/03\/4-3-1024x681.jpg 1024w, https:\/\/fcbuetschwil.ch\/neu\/wp-content\/uploads\/2023\/03\/4-3-1000x665.jpg 1000w, https:\/\/fcbuetschwil.ch\/neu\/wp-content\/uploads\/2023\/03\/4-3-768x511.jpg 768w, https:\/\/fcbuetschwil.ch\/neu\/wp-content\/uploads\/2023\/03\/4-3-391x260.jpg 391w, https:\/\/fcbuetschwil.ch\/neu\/wp-content\/uploads\/2023\/03\/4-3-1536x1021.jpg 1536w, https:\/\/fcbuetschwil.ch\/neu\/wp-content\/uploads\/2023\/03\/4-3-2048x1362.jpg 2048w\" sizes=\"(max-width: 1024px) 100vw, 1024px\" \/><\/figure>\n\n\n\n<figure class=\"wp-block-image size-large\"><img loading=\"lazy\" width=\"1024\" height=\"681\" data-id=\"5366\"  src=\"https:\/\/fcbuetschwil.ch\/neu\/wp-content\/uploads\/2023\/03\/5-4-1024x681.jpg\" alt=\"\" class=\"wp-image-5366\" srcset=\"https:\/\/fcbuetschwil.ch\/neu\/wp-content\/uploads\/2023\/03\/5-4-1024x681.jpg 1024w, https:\/\/fcbuetschwil.ch\/neu\/wp-content\/uploads\/2023\/03\/5-4-1000x665.jpg 1000w, https:\/\/fcbuetschwil.ch\/neu\/wp-content\/uploads\/2023\/03\/5-4-768x511.jpg 768w, https:\/\/fcbuetschwil.ch\/neu\/wp-content\/uploads\/2023\/03\/5-4-391x260.jpg 391w, https:\/\/fcbuetschwil.ch\/neu\/wp-content\/uploads\/2023\/03\/5-4-1536x1021.jpg 1536w, https:\/\/fcbuetschwil.ch\/neu\/wp-content\/uploads\/2023\/03\/5-4-2048x1362.jpg 2048w\" sizes=\"(max-width: 1024px) 100vw, 1024px\" \/><\/figure>\n\n\n\n<figure class=\"wp-block-image size-large\"><img loading=\"lazy\" width=\"1024\" height=\"681\" data-id=\"5364\"  src=\"https:\/\/fcbuetschwil.ch\/neu\/wp-content\/uploads\/2023\/03\/6-3-1024x681.jpg\" alt=\"\" class=\"wp-image-5364\" srcset=\"https:\/\/fcbuetschwil.ch\/neu\/wp-content\/uploads\/2023\/03\/6-3-1024x681.jpg 1024w, https:\/\/fcbuetschwil.ch\/neu\/wp-content\/uploads\/2023\/03\/6-3-1000x665.jpg 1000w, https:\/\/fcbuetschwil.ch\/neu\/wp-content\/uploads\/2023\/03\/6-3-768x511.jpg 768w, https:\/\/fcbuetschwil.ch\/neu\/wp-content\/uploads\/2023\/03\/6-3-391x260.jpg 391w, https:\/\/fcbuetschwil.ch\/neu\/wp-content\/uploads\/2023\/03\/6-3-1536x1021.jpg 1536w, https:\/\/fcbuetschwil.ch\/neu\/wp-content\/uploads\/2023\/03\/6-3-2048x1362.jpg 2048w\" sizes=\"(max-width: 1024px) 100vw, 1024px\" \/><\/figure>\n\n\n\n<figure class=\"wp-block-image size-large\"><img loading=\"lazy\" width=\"768\" height=\"1024\" data-id=\"5369\"  src=\"https:\/\/fcbuetschwil.ch\/neu\/wp-content\/uploads\/2023\/03\/IMG_6316-768x1024.jpg\" alt=\"\" class=\"wp-image-5369\" srcset=\"https:\/\/fcbuetschwil.ch\/neu\/wp-content\/uploads\/2023\/03\/IMG_6316-768x1024.jpg 768w, https:\/\/fcbuetschwil.ch\/neu\/wp-content\/uploads\/2023\/03\/IMG_6316-750x1000.jpg 750w, https:\/\/fcbuetschwil.ch\/neu\/wp-content\/uploads\/2023\/03\/IMG_6316-300x400.jpg 300w, https:\/\/fcbuetschwil.ch\/neu\/wp-content\/uploads\/2023\/03\/IMG_6316-1152x1536.jpg 1152w, https:\/\/fcbuetschwil.ch\/neu\/wp-content\/uploads\/2023\/03\/IMG_6316-1536x2048.jpg 1536w, https:\/\/fcbuetschwil.ch\/neu\/wp-content\/uploads\/2023\/03\/IMG_6316-scaled.jpg 1920w\" sizes=\"(max-width: 768px) 100vw, 768px\" \/><\/figure>\n\n\n\n<figure class=\"wp-block-image size-large\"><img loading=\"lazy\" width=\"1024\" height=\"768\" data-id=\"5368\"  src=\"https:\/\/fcbuetschwil.ch\/neu\/wp-content\/uploads\/2023\/03\/IMG_6357-1024x768.jpg\" alt=\"\" class=\"wp-image-5368\" srcset=\"https:\/\/fcbuetschwil.ch\/neu\/wp-content\/uploads\/2023\/03\/IMG_6357-1024x768.jpg 1024w, https:\/\/fcbuetschwil.ch\/neu\/wp-content\/uploads\/2023\/03\/IMG_6357-1000x750.jpg 1000w, https:\/\/fcbuetschwil.ch\/neu\/wp-content\/uploads\/2023\/03\/IMG_6357-768x576.jpg 768w, https:\/\/fcbuetschwil.ch\/neu\/wp-content\/uploads\/2023\/03\/IMG_6357-1536x1152.jpg 1536w, https:\/\/fcbuetschwil.ch\/neu\/wp-content\/uploads\/2023\/03\/IMG_6357-2048x1536.jpg 2048w\" sizes=\"(max-width: 1024px) 100vw, 1024px\" \/><\/figure>\n\n\n\n<figure class=\"wp-block-image size-large\"><img loading=\"lazy\" width=\"1024\" height=\"768\" data-id=\"5370\"  src=\"https:\/\/fcbuetschwil.ch\/neu\/wp-content\/uploads\/2023\/03\/IMG_6358-1024x768.jpg\" alt=\"\" class=\"wp-image-5370\" srcset=\"https:\/\/fcbuetschwil.ch\/neu\/wp-content\/uploads\/2023\/03\/IMG_6358-1024x768.jpg 1024w, https:\/\/fcbuetschwil.ch\/neu\/wp-content\/uploads\/2023\/03\/IMG_6358-1000x750.jpg 1000w, https:\/\/fcbuetschwil.ch\/neu\/wp-content\/uploads\/2023\/03\/IMG_6358-768x576.jpg 768w, https:\/\/fcbuetschwil.ch\/neu\/wp-content\/uploads\/2023\/03\/IMG_6358-1536x1152.jpg 1536w, https:\/\/fcbuetschwil.ch\/neu\/wp-content\/uploads\/2023\/03\/IMG_6358-2048x1536.jpg 2048w\" sizes=\"(max-width: 1024px) 100vw, 1024px\" \/><\/figure>\n<\/figure>\n","protected":false},"excerpt":{"rendered":"<p>Trainingslager 2023 \u2013 7. Tagebucheintrag Freitag, 10. M\u00e4rz 2023 F\u00fcr die einen begann der Freitag etwas fr\u00fcher als f\u00fcr andere. In aller Herrgottsfr\u00fche (07.00 Uhr) machten sich M. S., M. H., L. F. &amp; A. H. auf an den Strand, um den Sonnenaufgang zu geniessen. Nicht nur auf dem R\u00fcckweg, sondern bereits schon auf dem&hellip;&nbsp;<a href=\"https:\/\/fcbuetschwil.ch\/neu\/trainingslager-2023-tag-7\/\" class=\"\" rel=\"bookmark\">Weiterlesen &raquo;<span class=\"screen-reader-text\">Trainingslager 2023 &#8211; Tag 7<\/span><\/a><\/p>\n","protected":false},"author":1,"featured_media":5363,"comment_status":"open","ping_status":"open","sticky":false,"template":"","format":"standard","meta":{"inline_featured_image":false,"_mi_skip_tracking":false,"kia_subtitle":"","neve_meta_sidebar":"","neve_meta_container":"","neve_meta_enable_content_width":"","neve_meta_content_width":0,"neve_meta_title_alignment":"","neve_meta_author_avatar":"","neve_post_elements_order":"","neve_meta_disable_header":"","neve_meta_disable_footer":"","neve_meta_disable_title":""},"categories":[56],"tags":[],"_links":{"self":[{"href":"https:\/\/fcbuetschwil.ch\/neu\/wp-json\/wp\/v2\/posts\/5361"}],"collection":[{"href":"https:\/\/fcbuetschwil.ch\/neu\/wp-json\/wp\/v2\/posts"}],"about":[{"href":"https:\/\/fcbuetschwil.ch\/neu\/wp-json\/wp\/v2\/types\/post"}],"author":[{"embeddable":true,"href":"https:\/\/fcbuetschwil.ch\/neu\/wp-json\/wp\/v2\/users\/1"}],"replies":[{"embeddable":true,"href":"https:\/\/fcbuetschwil.ch\/neu\/wp-json\/wp\/v2\/comments?post=5361"}],"version-history":[{"count":1,"href":"https:\/\/fcbuetschwil.ch\/neu\/wp-json\/wp\/v2\/posts\/5361\/revisions"}],"predecessor-version":[{"id":5371,"href":"https:\/\/fcbuetschwil.ch\/neu\/wp-json\/wp\/v2\/posts\/5361\/revisions\/5371"}],"wp:featuredmedia":[{"embeddable":true,"href":"https:\/\/fcbuetschwil.ch\/neu\/wp-json\/wp\/v2\/media\/5363"}],"wp:attachment":[{"href":"https:\/\/fcbuetschwil.ch\/neu\/wp-json\/wp\/v2\/media?parent=5361"}],"wp:term":[{"taxonomy":"category","embeddable":true,"href":"https:\/\/fcbuetschwil.ch\/neu\/wp-json\/wp\/v2\/categories?post=5361"},{"taxonomy":"post_tag","embeddable":true,"href":"https:\/\/fcbuetschwil.ch\/neu\/wp-json\/wp\/v2\/tags?post=5361"}],"curies":[{"name":"wp","href":"https:\/\/api.w.org\/{rel}","templated":true}]}}