{"id":5352,"date":"2023-03-10T10:04:53","date_gmt":"2023-03-10T08:04:53","guid":{"rendered":"https:\/\/fcbuetschwil.ch\/neu\/?p=5352"},"modified":"2023-03-10T10:04:55","modified_gmt":"2023-03-10T08:04:55","slug":"trainingslager-2023-tag-6","status":"publish","type":"post","link":"https:\/\/fcbuetschwil.ch\/neu\/trainingslager-2023-tag-6\/","title":{"rendered":"Trainingslager 2023 &#8211; Tag 6"},"content":{"rendered":"\n<h2><\/h2>\n\n\n\n<p>Trainingslager 2023 &#8211; 6. Tagebucheintrag<\/p>\n\n\n\n<p>Donnerstag, 9. M\u00e4rz 2023<\/p>\n\n\n\n<p>Nach einer ausgeruhten Nacht mit nachgeholtem Schlaf trafen sich die Spielerinnen p\u00fcnktlich um 8.00 Uhr zum Fr\u00fchst\u00fcck. Laut der Wetterprophezeiung von L.F. wird heute der w\u00e4rmste und sonnigste Tag der Woche. Dies motivierte einige Spielerinnen f\u00fcr den bevorstehenden Tag. Diese Prognose stellte sich jedoch an einem sp\u00e4teren Zeitpunkt als eine R\u00e4ubergeschichte dar. Als sich alle beim Buffet vollgefuttert hatten, besammelte sich die geschrumpfte Mannschaft kurz darauf zur ersten Trainingseinheit. Bereits auf der Hinfahrt ohne Musik wurde unsere DJane E.W. vermisst.<\/p>\n\n\n\n<p>S.S. f\u00fchrte auch mit wenig Spielerinnen ein einfallsreiches Training durch. Mit seiner hohen Konzentration \u00fcbersah er den grossen Wassert\u00fcmpel unter seinen F\u00fcssen. Mit nassen Schuhen beendete der Trainer das Morgentraining erfolgreich. Mit knurrenden M\u00e4gen begab sich die Mannschaft auf den Weg zum Mittagsbuffet. Jedoch machten die neu angereisten Mannschaften, unter anderem der FC Diepoldsau mit seiner grossen Truppe (63 Spieler!), sich schnell bemerkbar. Sie ergatterten das Buffet als erstes. Die Wartezeit verl\u00e4ngerte sich erheblich.<\/p>\n\n\n\n<p>Als dann doch noch alle satt wurden, begab sich das Team in die ungew\u00f6hnlich lange Mittagspause. Einige nutzten diese Gelegenheit f\u00fcr eine Siesta, andere absolvierten einen Spaziergang an das Meer. Nat\u00fcrlich durfte bei diesem Anlass eine traditionelle Runde UNO nicht fehlen. Anschliessend machte sich die Truppe auf den Weg ins sp\u00e4tere Nachmittagstraining. Diesmal jedoch mit Musik. Auf dem Weg zum Training beklagte sich F.B. \u00fcber eine verschwommene Sicht. Auf dem Platz bemerkte sie dann jedoch, dass ihr bei der Siesta wohl eine Linse herausgefallen ist. Mit allen Mitteln versuchten die entz\u00fcckenden Damen den Torwart der vorherigen Herrenmannschaft f\u00fcr sich zu gewinnen, da uns L.S. gestern ebenfalls verlassen hat. Auf die Erwiderung des anderen Trainers, ob wir den h\u00fcbscheren oder den guten haben wollen kam die rasche Antwort: am liebsten beide. Schlussendlich standen wir dann doch ohne H\u00fcter auf dem Platz. Man munkelt, dass das Niveau der Damenmannschaft einfach zu hoch f\u00fcr diese sei. Im Training wurde das Aussenristk\u00f6nnen auf die Probe gestellt, dabei konnte man interessante Techniken feststellen. Auch der Wassert\u00fcmpel wurde immer wieder unfreiwillig besucht.<\/p>\n\n\n\n<p>Nach dem eher lockerem Training bewegten sich die B\u00fctschwilerinnen mit schweren Beinen singend und tanzend zum Pool. Diese positive Stimmung steckte auch einige andere G\u00e4ste an, welche unter anderem auf dem Dach mitfeierten. S.S. nahm das Lied &#8222;Geh mal Bier holen\u2026&#8220; wohl sehr ernst und begab sich mit einem Sprint an den Zapfhahnen, um alle mit einem Bier zu versorgen.<\/p>\n\n\n\n<p>Damit wir f\u00fcr die bald bevorstehende R\u00fcckrunde auch mental bereit sind, durfte ein Mentaltraining nach dem Abendessen nicht fehlen. Dies wurde unter der Leitung von D.B. hervorragend durchgef\u00fchrt.<\/p>\n\n\n\n<p>Danach wurde der Abend an der Hotel Bar ausgeklungen. (F.B.\/L.F.)<\/p>\n\n\n\n<figure class=\"wp-container-2 wp-block-gallery-1 wp-block-gallery has-nested-images columns-default is-cropped\">\n<figure class=\"wp-block-image size-large\"><img loading=\"lazy\" width=\"1024\" height=\"768\" data-id=\"5356\"  src=\"https:\/\/fcbuetschwil.ch\/neu\/wp-content\/uploads\/2023\/03\/1081f143-40c1-4d6b-89b9-940fdb6fb60c-1-1024x768.jpg\" alt=\"\" class=\"wp-image-5356\" srcset=\"https:\/\/fcbuetschwil.ch\/neu\/wp-content\/uploads\/2023\/03\/1081f143-40c1-4d6b-89b9-940fdb6fb60c-1-1024x768.jpg 1024w, https:\/\/fcbuetschwil.ch\/neu\/wp-content\/uploads\/2023\/03\/1081f143-40c1-4d6b-89b9-940fdb6fb60c-1-1000x750.jpg 1000w, https:\/\/fcbuetschwil.ch\/neu\/wp-content\/uploads\/2023\/03\/1081f143-40c1-4d6b-89b9-940fdb6fb60c-1-768x576.jpg 768w, https:\/\/fcbuetschwil.ch\/neu\/wp-content\/uploads\/2023\/03\/1081f143-40c1-4d6b-89b9-940fdb6fb60c-1-1536x1152.jpg 1536w, https:\/\/fcbuetschwil.ch\/neu\/wp-content\/uploads\/2023\/03\/1081f143-40c1-4d6b-89b9-940fdb6fb60c-1.jpg 2048w\" sizes=\"(max-width: 1024px) 100vw, 1024px\" \/><\/figure>\n\n\n\n<figure class=\"wp-block-image size-large\"><img loading=\"lazy\" width=\"1024\" height=\"768\" data-id=\"5357\"  src=\"https:\/\/fcbuetschwil.ch\/neu\/wp-content\/uploads\/2023\/03\/13d0af78-e989-49e8-81ec-89cabfee4b48-1-1024x768.jpg\" alt=\"\" class=\"wp-image-5357\" srcset=\"https:\/\/fcbuetschwil.ch\/neu\/wp-content\/uploads\/2023\/03\/13d0af78-e989-49e8-81ec-89cabfee4b48-1-1024x768.jpg 1024w, https:\/\/fcbuetschwil.ch\/neu\/wp-content\/uploads\/2023\/03\/13d0af78-e989-49e8-81ec-89cabfee4b48-1-1000x750.jpg 1000w, https:\/\/fcbuetschwil.ch\/neu\/wp-content\/uploads\/2023\/03\/13d0af78-e989-49e8-81ec-89cabfee4b48-1-768x576.jpg 768w, https:\/\/fcbuetschwil.ch\/neu\/wp-content\/uploads\/2023\/03\/13d0af78-e989-49e8-81ec-89cabfee4b48-1-1536x1152.jpg 1536w, https:\/\/fcbuetschwil.ch\/neu\/wp-content\/uploads\/2023\/03\/13d0af78-e989-49e8-81ec-89cabfee4b48-1.jpg 2048w\" sizes=\"(max-width: 1024px) 100vw, 1024px\" \/><\/figure>\n\n\n\n<figure class=\"wp-block-image size-large\"><img loading=\"lazy\" width=\"1024\" height=\"768\" data-id=\"5358\"  src=\"https:\/\/fcbuetschwil.ch\/neu\/wp-content\/uploads\/2023\/03\/0fe0f4c1-3bdf-4fec-871d-31d0848176bb-1-1024x768.jpg\" alt=\"\" class=\"wp-image-5358\" srcset=\"https:\/\/fcbuetschwil.ch\/neu\/wp-content\/uploads\/2023\/03\/0fe0f4c1-3bdf-4fec-871d-31d0848176bb-1-1024x768.jpg 1024w, https:\/\/fcbuetschwil.ch\/neu\/wp-content\/uploads\/2023\/03\/0fe0f4c1-3bdf-4fec-871d-31d0848176bb-1-1000x750.jpg 1000w, https:\/\/fcbuetschwil.ch\/neu\/wp-content\/uploads\/2023\/03\/0fe0f4c1-3bdf-4fec-871d-31d0848176bb-1-768x576.jpg 768w, https:\/\/fcbuetschwil.ch\/neu\/wp-content\/uploads\/2023\/03\/0fe0f4c1-3bdf-4fec-871d-31d0848176bb-1-1536x1152.jpg 1536w, https:\/\/fcbuetschwil.ch\/neu\/wp-content\/uploads\/2023\/03\/0fe0f4c1-3bdf-4fec-871d-31d0848176bb-1.jpg 1600w\" sizes=\"(max-width: 1024px) 100vw, 1024px\" \/><\/figure>\n<\/figure>\n","protected":false},"excerpt":{"rendered":"<p>Trainingslager 2023 &#8211; 6. Tagebucheintrag Donnerstag, 9. M\u00e4rz 2023 Nach einer ausgeruhten Nacht mit nachgeholtem Schlaf trafen sich die Spielerinnen p\u00fcnktlich um 8.00 Uhr zum Fr\u00fchst\u00fcck. Laut der Wetterprophezeiung von L.F. wird heute der w\u00e4rmste und sonnigste Tag der Woche. Dies motivierte einige Spielerinnen f\u00fcr den bevorstehenden Tag. Diese Prognose stellte sich jedoch an einem&hellip;&nbsp;<a href=\"https:\/\/fcbuetschwil.ch\/neu\/trainingslager-2023-tag-6\/\" class=\"\" rel=\"bookmark\">Weiterlesen &raquo;<span class=\"screen-reader-text\">Trainingslager 2023 &#8211; Tag 6<\/span><\/a><\/p>\n","protected":false},"author":1,"featured_media":0,"comment_status":"open","ping_status":"open","sticky":false,"template":"","format":"standard","meta":{"inline_featured_image":false,"_mi_skip_tracking":false,"kia_subtitle":"","neve_meta_sidebar":"","neve_meta_container":"","neve_meta_enable_content_width":"","neve_meta_content_width":0,"neve_meta_title_alignment":"","neve_meta_author_avatar":"","neve_post_elements_order":"","neve_meta_disable_header":"","neve_meta_disable_footer":"","neve_meta_disable_title":""},"categories":[56],"tags":[],"_links":{"self":[{"href":"https:\/\/fcbuetschwil.ch\/neu\/wp-json\/wp\/v2\/posts\/5352"}],"collection":[{"href":"https:\/\/fcbuetschwil.ch\/neu\/wp-json\/wp\/v2\/posts"}],"about":[{"href":"https:\/\/fcbuetschwil.ch\/neu\/wp-json\/wp\/v2\/types\/post"}],"author":[{"embeddable":true,"href":"https:\/\/fcbuetschwil.ch\/neu\/wp-json\/wp\/v2\/users\/1"}],"replies":[{"embeddable":true,"href":"https:\/\/fcbuetschwil.ch\/neu\/wp-json\/wp\/v2\/comments?post=5352"}],"version-history":[{"count":1,"href":"https:\/\/fcbuetschwil.ch\/neu\/wp-json\/wp\/v2\/posts\/5352\/revisions"}],"predecessor-version":[{"id":5359,"href":"https:\/\/fcbuetschwil.ch\/neu\/wp-json\/wp\/v2\/posts\/5352\/revisions\/5359"}],"wp:attachment":[{"href":"https:\/\/fcbuetschwil.ch\/neu\/wp-json\/wp\/v2\/media?parent=5352"}],"wp:term":[{"taxonomy":"category","embeddable":true,"href":"https:\/\/fcbuetschwil.ch\/neu\/wp-json\/wp\/v2\/categories?post=5352"},{"taxonomy":"post_tag","embeddable":true,"href":"https:\/\/fcbuetschwil.ch\/neu\/wp-json\/wp\/v2\/tags?post=5352"}],"curies":[{"name":"wp","href":"https:\/\/api.w.org\/{rel}","templated":true}]}}