{"id":5273,"date":"2023-03-07T09:45:57","date_gmt":"2023-03-07T07:45:57","guid":{"rendered":"https:\/\/fcbuetschwil.ch\/neu\/?p=5273"},"modified":"2023-03-07T15:16:23","modified_gmt":"2023-03-07T13:16:23","slug":"trainingslager-2023-tag-3","status":"publish","type":"post","link":"https:\/\/fcbuetschwil.ch\/neu\/trainingslager-2023-tag-3\/","title":{"rendered":"Trainingslager 2023 &#8211; Tag 3"},"content":{"rendered":"\n<p>Trainingslager 2023 &#8211; 3. Tagebucheintrag<\/p>\n\n\n\n<p>Montag, 6. M\u00e4rz 2023<\/p>\n\n\n\n<p>Am dritten Morgen erschienen alle Toggenburgerinnen p\u00fcnktlich zum Fr\u00fchst\u00fcck. Der Match vom Vortag steckte allen noch in den Knochen und hinterliess bei manchen Spielerinnen eine seltsame Gangart zum Fr\u00fchst\u00fccksbuffet.<\/p>\n\n\n\n<p>Als ob der Auftritt am Pool des vorherigen Tages nicht genug war, liessen die drei Unp\u00fcnktlichen ihre Klamotten \u00fcber Nacht auf dem Balkon trocknen, doch das Wetter machte ihnen einen Strich durch die Rechnung. Sie mussten ihre Zeit zwischen Fr\u00fchst\u00fcck und Trainingsbeginn f\u00fcr das Trockenf\u00f6hnen ihrer Fussballschuhe aufwenden.<\/p>\n\n\n\n<p>W\u00e4hrend der Busfahrt in Richtung Trainingsareal, konnte sich A.M. vor lauter Vorfreude auf das morgendliche Training nicht mehr beherrschen und \u201eropfte\u201c den Bussitz aus seiner Halterung.<\/p>\n\n\n\n<p>Nach dem sehr gut vorbereiteten und abwechslungsreichen Training, ging es wieder zur\u00fcck an den Pool, wo sich die gesamte B\u00fctschwiler-Einheit eine Abk\u00fchlung g\u00f6nnte. M.O. liess sich die Gelegenheit nicht entgehen und verbl\u00fcffte mit einem gekonnten Pl\u00e4ttler. Der Bademeister S.S. hatte dabei Alles unter Kontrolle.<\/p>\n\n\n\n<p>Einige der Toggenburgerinnen machten sich vor dem Mittagessen auf an den Strand und geniessten die wundersch\u00f6ne Aussicht sowie die heissen Sonnenstrahlen. Unterwegs nahm es S.S. mit einem M\u00fclleimer auf und verlor den Zweikampf.<\/p>\n\n\n\n<p>Nach dem Mittagessen startete die zweite Trainingseinheit bei kaum ertr\u00e4glicher Hitze. Das intensive Kopfballtraining endete mit einem gezielten Schuss an die Nase von M.O. M.S. half ihr auf skurrile Art und Weise die Blutung zu stoppen.<\/p>\n\n\n\n<p>Direkt im Anschluss an das Nachtessen analysierte die gesamte Mannschaft die Videoaufzeichnung des Matches vom Vortag. Neben taktisch gut gespielten Aktionen gab es auch fragw\u00fcrdige Szenen wie beispielsweise die beinahe perfekt ausgef\u00fchrte R\u00fcckw\u00e4rtsrolle von C.H., die Waldrodung von S.M. oder den aggressiven Nachkick von M.G.<\/p>\n\n\n\n<p>Zum Abschluss des Tages verzauberte C.H. alle Hotelg\u00e4ste mit ihrer Stimme und rockte die B\u00fchne zum Lied \u201eSOS\u201c von ABBA. (S.M. \/ M.O.)<\/p>\n\n\n\n<figure class=\"wp-container-2 wp-block-gallery-1 wp-block-gallery has-nested-images columns-default is-cropped\">\n<figure class=\"wp-block-image size-large\"><img loading=\"lazy\" width=\"1024\" height=\"768\" data-id=\"5274\"  src=\"https:\/\/fcbuetschwil.ch\/neu\/wp-content\/uploads\/2023\/03\/1-1.jpg\" alt=\"\" class=\"wp-image-5274\" srcset=\"https:\/\/fcbuetschwil.ch\/neu\/wp-content\/uploads\/2023\/03\/1-1.jpg 1024w, https:\/\/fcbuetschwil.ch\/neu\/wp-content\/uploads\/2023\/03\/1-1-1000x750.jpg 1000w, https:\/\/fcbuetschwil.ch\/neu\/wp-content\/uploads\/2023\/03\/1-1-768x576.jpg 768w\" sizes=\"(max-width: 1024px) 100vw, 1024px\" \/><\/figure>\n\n\n\n<figure class=\"wp-block-image size-large\"><img loading=\"lazy\" width=\"1024\" height=\"768\" data-id=\"5275\"  src=\"https:\/\/fcbuetschwil.ch\/neu\/wp-content\/uploads\/2023\/03\/2-2.jpg\" alt=\"\" class=\"wp-image-5275\" srcset=\"https:\/\/fcbuetschwil.ch\/neu\/wp-content\/uploads\/2023\/03\/2-2.jpg 1024w, https:\/\/fcbuetschwil.ch\/neu\/wp-content\/uploads\/2023\/03\/2-2-1000x750.jpg 1000w, https:\/\/fcbuetschwil.ch\/neu\/wp-content\/uploads\/2023\/03\/2-2-768x576.jpg 768w\" sizes=\"(max-width: 1024px) 100vw, 1024px\" \/><\/figure>\n\n\n\n<figure class=\"wp-block-image size-large\"><img loading=\"lazy\" width=\"768\" height=\"1024\" data-id=\"5276\"  src=\"https:\/\/fcbuetschwil.ch\/neu\/wp-content\/uploads\/2023\/03\/3-2.jpg\" alt=\"\" class=\"wp-image-5276\" srcset=\"https:\/\/fcbuetschwil.ch\/neu\/wp-content\/uploads\/2023\/03\/3-2.jpg 768w, https:\/\/fcbuetschwil.ch\/neu\/wp-content\/uploads\/2023\/03\/3-2-750x1000.jpg 750w, https:\/\/fcbuetschwil.ch\/neu\/wp-content\/uploads\/2023\/03\/3-2-300x400.jpg 300w\" sizes=\"(max-width: 768px) 100vw, 768px\" \/><\/figure>\n\n\n\n<figure class=\"wp-block-image size-large\"><img loading=\"lazy\" width=\"1024\" height=\"768\" data-id=\"5280\"  src=\"https:\/\/fcbuetschwil.ch\/neu\/wp-content\/uploads\/2023\/03\/4-1-1024x768.jpg\" alt=\"\" class=\"wp-image-5280\" srcset=\"https:\/\/fcbuetschwil.ch\/neu\/wp-content\/uploads\/2023\/03\/4-1-1024x768.jpg 1024w, https:\/\/fcbuetschwil.ch\/neu\/wp-content\/uploads\/2023\/03\/4-1-1000x750.jpg 1000w, https:\/\/fcbuetschwil.ch\/neu\/wp-content\/uploads\/2023\/03\/4-1-768x576.jpg 768w, https:\/\/fcbuetschwil.ch\/neu\/wp-content\/uploads\/2023\/03\/4-1-1536x1152.jpg 1536w, https:\/\/fcbuetschwil.ch\/neu\/wp-content\/uploads\/2023\/03\/4-1.jpg 2048w\" sizes=\"(max-width: 1024px) 100vw, 1024px\" \/><\/figure>\n\n\n\n<figure class=\"wp-block-image size-large\"><img loading=\"lazy\" width=\"1024\" height=\"768\" data-id=\"5281\"  src=\"https:\/\/fcbuetschwil.ch\/neu\/wp-content\/uploads\/2023\/03\/5-2-1024x768.jpg\" alt=\"\" class=\"wp-image-5281\" srcset=\"https:\/\/fcbuetschwil.ch\/neu\/wp-content\/uploads\/2023\/03\/5-2-1024x768.jpg 1024w, https:\/\/fcbuetschwil.ch\/neu\/wp-content\/uploads\/2023\/03\/5-2-1000x750.jpg 1000w, https:\/\/fcbuetschwil.ch\/neu\/wp-content\/uploads\/2023\/03\/5-2-768x576.jpg 768w, https:\/\/fcbuetschwil.ch\/neu\/wp-content\/uploads\/2023\/03\/5-2-1536x1152.jpg 1536w, https:\/\/fcbuetschwil.ch\/neu\/wp-content\/uploads\/2023\/03\/5-2.jpg 2048w\" sizes=\"(max-width: 1024px) 100vw, 1024px\" \/><\/figure>\n\n\n\n<figure class=\"wp-block-image size-large\"><img loading=\"lazy\" width=\"768\" height=\"1024\" data-id=\"5279\"  src=\"https:\/\/fcbuetschwil.ch\/neu\/wp-content\/uploads\/2023\/03\/6-1-768x1024.jpg\" alt=\"\" class=\"wp-image-5279\" srcset=\"https:\/\/fcbuetschwil.ch\/neu\/wp-content\/uploads\/2023\/03\/6-1-768x1024.jpg 768w, https:\/\/fcbuetschwil.ch\/neu\/wp-content\/uploads\/2023\/03\/6-1-750x1000.jpg 750w, https:\/\/fcbuetschwil.ch\/neu\/wp-content\/uploads\/2023\/03\/6-1-300x400.jpg 300w, https:\/\/fcbuetschwil.ch\/neu\/wp-content\/uploads\/2023\/03\/6-1-1152x1536.jpg 1152w, https:\/\/fcbuetschwil.ch\/neu\/wp-content\/uploads\/2023\/03\/6-1.jpg 1536w\" sizes=\"(max-width: 768px) 100vw, 768px\" \/><\/figure>\n\n\n\n<figure class=\"wp-block-image size-large\"><img loading=\"lazy\" width=\"1024\" height=\"768\" data-id=\"5277\"  src=\"https:\/\/fcbuetschwil.ch\/neu\/wp-content\/uploads\/2023\/03\/7-2-1024x768.jpg\" alt=\"\" class=\"wp-image-5277\" srcset=\"https:\/\/fcbuetschwil.ch\/neu\/wp-content\/uploads\/2023\/03\/7-2-1024x768.jpg 1024w, https:\/\/fcbuetschwil.ch\/neu\/wp-content\/uploads\/2023\/03\/7-2-1000x750.jpg 1000w, https:\/\/fcbuetschwil.ch\/neu\/wp-content\/uploads\/2023\/03\/7-2-768x576.jpg 768w, https:\/\/fcbuetschwil.ch\/neu\/wp-content\/uploads\/2023\/03\/7-2-1536x1152.jpg 1536w, https:\/\/fcbuetschwil.ch\/neu\/wp-content\/uploads\/2023\/03\/7-2.jpg 1824w\" sizes=\"(max-width: 1024px) 100vw, 1024px\" \/><\/figure>\n\n\n\n<figure class=\"wp-block-image size-large\"><img loading=\"lazy\" width=\"768\" height=\"1024\" data-id=\"5278\"  src=\"https:\/\/fcbuetschwil.ch\/neu\/wp-content\/uploads\/2023\/03\/8-2-768x1024.jpg\" alt=\"\" class=\"wp-image-5278\" srcset=\"https:\/\/fcbuetschwil.ch\/neu\/wp-content\/uploads\/2023\/03\/8-2-768x1024.jpg 768w, https:\/\/fcbuetschwil.ch\/neu\/wp-content\/uploads\/2023\/03\/8-2-750x1000.jpg 750w, https:\/\/fcbuetschwil.ch\/neu\/wp-content\/uploads\/2023\/03\/8-2-300x400.jpg 300w, https:\/\/fcbuetschwil.ch\/neu\/wp-content\/uploads\/2023\/03\/8-2-1152x1536.jpg 1152w, https:\/\/fcbuetschwil.ch\/neu\/wp-content\/uploads\/2023\/03\/8-2.jpg 1200w\" sizes=\"(max-width: 768px) 100vw, 768px\" \/><\/figure>\n<\/figure>\n","protected":false},"excerpt":{"rendered":"<p>Trainingslager 2023 &#8211; 3. Tagebucheintrag Montag, 6. M\u00e4rz 2023 Am dritten Morgen erschienen alle Toggenburgerinnen p\u00fcnktlich zum Fr\u00fchst\u00fcck. Der Match vom Vortag steckte allen noch in den Knochen und hinterliess bei manchen Spielerinnen eine seltsame Gangart zum Fr\u00fchst\u00fccksbuffet. Als ob der Auftritt am Pool des vorherigen Tages nicht genug war, liessen die drei Unp\u00fcnktlichen ihre&hellip;&nbsp;<a href=\"https:\/\/fcbuetschwil.ch\/neu\/trainingslager-2023-tag-3\/\" class=\"\" rel=\"bookmark\">Weiterlesen &raquo;<span class=\"screen-reader-text\">Trainingslager 2023 &#8211; Tag 3<\/span><\/a><\/p>\n","protected":false},"author":1,"featured_media":5277,"comment_status":"open","ping_status":"open","sticky":false,"template":"","format":"standard","meta":{"inline_featured_image":false,"_mi_skip_tracking":false,"kia_subtitle":"","neve_meta_sidebar":"","neve_meta_container":"","neve_meta_enable_content_width":"","neve_meta_content_width":0,"neve_meta_title_alignment":"","neve_meta_author_avatar":"","neve_post_elements_order":"","neve_meta_disable_header":"","neve_meta_disable_footer":"","neve_meta_disable_title":""},"categories":[56],"tags":[],"_links":{"self":[{"href":"https:\/\/fcbuetschwil.ch\/neu\/wp-json\/wp\/v2\/posts\/5273"}],"collection":[{"href":"https:\/\/fcbuetschwil.ch\/neu\/wp-json\/wp\/v2\/posts"}],"about":[{"href":"https:\/\/fcbuetschwil.ch\/neu\/wp-json\/wp\/v2\/types\/post"}],"author":[{"embeddable":true,"href":"https:\/\/fcbuetschwil.ch\/neu\/wp-json\/wp\/v2\/users\/1"}],"replies":[{"embeddable":true,"href":"https:\/\/fcbuetschwil.ch\/neu\/wp-json\/wp\/v2\/comments?post=5273"}],"version-history":[{"count":2,"href":"https:\/\/fcbuetschwil.ch\/neu\/wp-json\/wp\/v2\/posts\/5273\/revisions"}],"predecessor-version":[{"id":5304,"href":"https:\/\/fcbuetschwil.ch\/neu\/wp-json\/wp\/v2\/posts\/5273\/revisions\/5304"}],"wp:featuredmedia":[{"embeddable":true,"href":"https:\/\/fcbuetschwil.ch\/neu\/wp-json\/wp\/v2\/media\/5277"}],"wp:attachment":[{"href":"https:\/\/fcbuetschwil.ch\/neu\/wp-json\/wp\/v2\/media?parent=5273"}],"wp:term":[{"taxonomy":"category","embeddable":true,"href":"https:\/\/fcbuetschwil.ch\/neu\/wp-json\/wp\/v2\/categories?post=5273"},{"taxonomy":"post_tag","embeddable":true,"href":"https:\/\/fcbuetschwil.ch\/neu\/wp-json\/wp\/v2\/tags?post=5273"}],"curies":[{"name":"wp","href":"https:\/\/api.w.org\/{rel}","templated":true}]}}