{"id":5263,"date":"2023-03-06T19:38:46","date_gmt":"2023-03-06T17:38:46","guid":{"rendered":"https:\/\/fcbuetschwil.ch\/neu\/?p=5263"},"modified":"2023-03-06T19:38:48","modified_gmt":"2023-03-06T17:38:48","slug":"trainingslager-2023-tag-2-2","status":"publish","type":"post","link":"https:\/\/fcbuetschwil.ch\/neu\/trainingslager-2023-tag-2-2\/","title":{"rendered":"Trainingslager 2023 &#8211; Tag 2"},"content":{"rendered":"\n<p><\/p>\n\n\n\n<p><br><\/p>\n\n\n\n<p>Die Morgensonne stand am zweiten Tag noch nicht hoch \u00fcber Spanien, als sich die Mannschaft zu einer f\u00fcr einige Spieler menschenunw\u00fcrdigen Zeit, bereits um 07.15 Uhr in der Hotellobby einfand.\u00a0<\/p>\n\n\n\n<p>Zur allgemeinen Verwunderung wurde das Team jedoch p\u00fcnktlich durch alle Mitglieder repr\u00e4sentiert &#8211; beinahe &#8211; ein zweiter Blick offenbahrte, dass ein Staff-Mitglied der wenig gespr\u00e4chigen Morgenrunde nicht beiwohnte. Dass er am Vorabend die Liebe zu seinem Herzensverein damit bekundete, dass er k\u00fchles Blondes in der Anzahl gewonnener Meistertitel an den Tresen beorderte, war gem\u00e4ss eigener Aussage nicht ausschlaggebend daf\u00fcr.<\/p>\n\n\n\n<p>In Abwesenheit seiner Wenigkeit fand eine kurze Aktivierung mit dem Spiel Cola-Fanta statt. Da sich gleich mehrere Spieler als Koordinations-Experten herausstellten, konnte kein Gewinner erkoren werden.<\/p>\n\n\n\n<p>Beim anschliessenden Morgenessen am reichhaltigen Fr\u00fchst\u00fccksbuffet wurden sehr unterschiedliche Essensgewohnheiten festgestellt. Silvio T. genoss ein Wasser und einen Orangensaft, schritt aber nach einigen taktischen Komplikationen am Kaffee-Automaten in schnellen Schritten von dannen, um nach einiger Zeit in den Verbund zur\u00fcckzukehren.<\/p>\n\n\n\n<p>Danach fand sich die Mannschaft im Theorieraum ein, um die Ausl\u00f6sung aus dem Defensivverbund zu besprechen und dies daraufhin auf den Trainingsplatz gleich umzusetzen. Hierbei gilt ein grosses Dankesch\u00f6n an Dave \u00ab\u00a0Keuli\u00a0\u00bb H., der immer wieder mit seinen Skills als Einkaufsw\u00e4geli-Transporter bei unterschiedlichsten Bodenbeschaffenheiten brilliert.<\/p>\n\n\n\n<p>Nach dem Mittagessen wurden bei windigen Verh\u00e4ltnissen Standards trainiert. Bei der abschliessenden \u00dcbung belehrte Noah O. mit der Aussage \u00ab\u00a0En Ball gheit n\u00f6d um!\u00a0\u00bb seine Mitspieler physikalischer Gesetze. Davon zeigte sich vorallem der Instruktor, seines Zeichens dipl. Landwirt, besonders beeindruckt.<\/p>\n\n\n\n<p>Im Trainingsanschluss verfolgte ein Teil des Teams noch die letzten Minuten vom Freundschaftsspiel der Frauen-Equipe unseres Vereins. In einer angeregten Diskussion \u00fcber die passende Torhymne setzte sich schlussendlich Ramon H. mit seinem Lieblingsgericht Kartoffelsalat durch. Dieser Song scheint sich allerdings auf Mallorca gr\u00f6sserer Beliebtheit zu erfreuen als an einem Frauenspiel an der Costa Blanca. Man fragt sich bloss weshalb?<\/p>\n\n\n\n<p>Zur\u00fcck im Hotel fand nach dem Nachtessen eine weitere Zimmer-Challenge statt. Das actionreiche Fr\u00f6schli-Spiel brachte so manchen Spieler an die Grenzen seiner Geduld. Den Abend ausklingen lassen haben wir in der Hotel-Lobby, wo uns die albanische Volkskultur n\u00e4hergebracht wurde. Man munkelt, dies war ein ausschlaggebender Grund f\u00fcr dir fr\u00fche Bettruhe.<\/p>\n\n\n\n<div class=\"wp-container-4 wp-block-columns\">\n<div class=\"wp-container-3 wp-block-column\" style=\"flex-basis:100%\">\n<figure class=\"wp-container-2 wp-block-gallery-1 wp-block-gallery has-nested-images columns-default is-cropped\">\n<figure class=\"wp-block-image size-large\"><img loading=\"lazy\" width=\"768\" height=\"1024\" src=\"https:\/\/fcbuetschwil.ch\/neu\/wp-content\/uploads\/2023\/03\/02546279-a45e-4c3b-9b15-2d14d6b85ec2-1-768x1024.jpg\" alt=\"\" class=\"wp-image-5265\" srcset=\"https:\/\/fcbuetschwil.ch\/neu\/wp-content\/uploads\/2023\/03\/02546279-a45e-4c3b-9b15-2d14d6b85ec2-1-768x1024.jpg 768w, https:\/\/fcbuetschwil.ch\/neu\/wp-content\/uploads\/2023\/03\/02546279-a45e-4c3b-9b15-2d14d6b85ec2-1-750x1000.jpg 750w, https:\/\/fcbuetschwil.ch\/neu\/wp-content\/uploads\/2023\/03\/02546279-a45e-4c3b-9b15-2d14d6b85ec2-1-300x400.jpg 300w, https:\/\/fcbuetschwil.ch\/neu\/wp-content\/uploads\/2023\/03\/02546279-a45e-4c3b-9b15-2d14d6b85ec2-1-1152x1536.jpg 1152w, https:\/\/fcbuetschwil.ch\/neu\/wp-content\/uploads\/2023\/03\/02546279-a45e-4c3b-9b15-2d14d6b85ec2-1.jpg 1536w\" sizes=\"(max-width: 768px) 100vw, 768px\" \/><\/figure>\n\n\n\n<figure class=\"wp-block-image size-large\"><img loading=\"lazy\" width=\"768\" height=\"1024\" src=\"https:\/\/fcbuetschwil.ch\/neu\/wp-content\/uploads\/2023\/03\/DavidH.jpg\" alt=\"\" class=\"wp-image-5266\" srcset=\"https:\/\/fcbuetschwil.ch\/neu\/wp-content\/uploads\/2023\/03\/DavidH.jpg 768w, https:\/\/fcbuetschwil.ch\/neu\/wp-content\/uploads\/2023\/03\/DavidH-750x1000.jpg 750w, https:\/\/fcbuetschwil.ch\/neu\/wp-content\/uploads\/2023\/03\/DavidH-300x400.jpg 300w\" sizes=\"(max-width: 768px) 100vw, 768px\" \/><\/figure>\n\n\n\n<figure class=\"wp-block-image size-large\"><img loading=\"lazy\" width=\"768\" height=\"1024\" src=\"https:\/\/fcbuetschwil.ch\/neu\/wp-content\/uploads\/2023\/03\/Sprenkler.jpg\" alt=\"\" class=\"wp-image-5267\" srcset=\"https:\/\/fcbuetschwil.ch\/neu\/wp-content\/uploads\/2023\/03\/Sprenkler.jpg 768w, https:\/\/fcbuetschwil.ch\/neu\/wp-content\/uploads\/2023\/03\/Sprenkler-750x1000.jpg 750w, https:\/\/fcbuetschwil.ch\/neu\/wp-content\/uploads\/2023\/03\/Sprenkler-300x400.jpg 300w\" sizes=\"(max-width: 768px) 100vw, 768px\" \/><\/figure>\n\n\n\n<figure class=\"wp-block-image size-large\"><img loading=\"lazy\" width=\"1024\" height=\"768\" src=\"https:\/\/fcbuetschwil.ch\/neu\/wp-content\/uploads\/2023\/03\/Tobi-1024x768.jpg\" alt=\"\" class=\"wp-image-5270\" srcset=\"https:\/\/fcbuetschwil.ch\/neu\/wp-content\/uploads\/2023\/03\/Tobi-1024x768.jpg 1024w, https:\/\/fcbuetschwil.ch\/neu\/wp-content\/uploads\/2023\/03\/Tobi-1000x750.jpg 1000w, https:\/\/fcbuetschwil.ch\/neu\/wp-content\/uploads\/2023\/03\/Tobi-768x576.jpg 768w, https:\/\/fcbuetschwil.ch\/neu\/wp-content\/uploads\/2023\/03\/Tobi-1536x1152.jpg 1536w, https:\/\/fcbuetschwil.ch\/neu\/wp-content\/uploads\/2023\/03\/Tobi.jpg 2048w\" sizes=\"(max-width: 1024px) 100vw, 1024px\" \/><\/figure>\n\n\n\n<figure class=\"wp-block-image size-large\"><img loading=\"lazy\" width=\"1024\" height=\"768\" src=\"https:\/\/fcbuetschwil.ch\/neu\/wp-content\/uploads\/2023\/03\/RH-1024x768.jpg\" alt=\"\" class=\"wp-image-5269\" srcset=\"https:\/\/fcbuetschwil.ch\/neu\/wp-content\/uploads\/2023\/03\/RH-1024x768.jpg 1024w, https:\/\/fcbuetschwil.ch\/neu\/wp-content\/uploads\/2023\/03\/RH-1000x750.jpg 1000w, https:\/\/fcbuetschwil.ch\/neu\/wp-content\/uploads\/2023\/03\/RH-768x576.jpg 768w, https:\/\/fcbuetschwil.ch\/neu\/wp-content\/uploads\/2023\/03\/RH-1536x1152.jpg 1536w, https:\/\/fcbuetschwil.ch\/neu\/wp-content\/uploads\/2023\/03\/RH.jpg 1600w\" sizes=\"(max-width: 1024px) 100vw, 1024px\" \/><\/figure>\n\n\n\n<figure class=\"wp-block-image size-large\"><img loading=\"lazy\" width=\"1024\" height=\"768\" src=\"https:\/\/fcbuetschwil.ch\/neu\/wp-content\/uploads\/2023\/03\/Frosch-1024x768.jpg\" alt=\"\" class=\"wp-image-5268\" srcset=\"https:\/\/fcbuetschwil.ch\/neu\/wp-content\/uploads\/2023\/03\/Frosch-1024x768.jpg 1024w, https:\/\/fcbuetschwil.ch\/neu\/wp-content\/uploads\/2023\/03\/Frosch-1000x750.jpg 1000w, https:\/\/fcbuetschwil.ch\/neu\/wp-content\/uploads\/2023\/03\/Frosch-768x576.jpg 768w, https:\/\/fcbuetschwil.ch\/neu\/wp-content\/uploads\/2023\/03\/Frosch-1536x1152.jpg 1536w, https:\/\/fcbuetschwil.ch\/neu\/wp-content\/uploads\/2023\/03\/Frosch.jpg 1600w\" sizes=\"(max-width: 1024px) 100vw, 1024px\" \/><\/figure>\n<\/figure>\n<\/div>\n<\/div>\n","protected":false},"excerpt":{"rendered":"<p>Die Morgensonne stand am zweiten Tag noch nicht hoch \u00fcber Spanien, als sich die Mannschaft zu einer f\u00fcr einige Spieler menschenunw\u00fcrdigen Zeit, bereits um 07.15 Uhr in der Hotellobby einfand.\u00a0 Zur allgemeinen Verwunderung wurde das Team jedoch p\u00fcnktlich durch alle Mitglieder repr\u00e4sentiert &#8211; beinahe &#8211; ein zweiter Blick offenbahrte, dass ein Staff-Mitglied der wenig gespr\u00e4chigen&hellip;&nbsp;<a href=\"https:\/\/fcbuetschwil.ch\/neu\/trainingslager-2023-tag-2-2\/\" class=\"\" rel=\"bookmark\">Weiterlesen &raquo;<span class=\"screen-reader-text\">Trainingslager 2023 &#8211; Tag 2<\/span><\/a><\/p>\n","protected":false},"author":7,"featured_media":5271,"comment_status":"open","ping_status":"open","sticky":false,"template":"","format":"standard","meta":{"inline_featured_image":false,"_mi_skip_tracking":false,"kia_subtitle":"Tag 2","neve_meta_sidebar":"","neve_meta_container":"","neve_meta_enable_content_width":"","neve_meta_content_width":0,"neve_meta_title_alignment":"","neve_meta_author_avatar":"","neve_post_elements_order":"","neve_meta_disable_header":"","neve_meta_disable_footer":"","neve_meta_disable_title":""},"categories":[55],"tags":[],"_links":{"self":[{"href":"https:\/\/fcbuetschwil.ch\/neu\/wp-json\/wp\/v2\/posts\/5263"}],"collection":[{"href":"https:\/\/fcbuetschwil.ch\/neu\/wp-json\/wp\/v2\/posts"}],"about":[{"href":"https:\/\/fcbuetschwil.ch\/neu\/wp-json\/wp\/v2\/types\/post"}],"author":[{"embeddable":true,"href":"https:\/\/fcbuetschwil.ch\/neu\/wp-json\/wp\/v2\/users\/7"}],"replies":[{"embeddable":true,"href":"https:\/\/fcbuetschwil.ch\/neu\/wp-json\/wp\/v2\/comments?post=5263"}],"version-history":[{"count":1,"href":"https:\/\/fcbuetschwil.ch\/neu\/wp-json\/wp\/v2\/posts\/5263\/revisions"}],"predecessor-version":[{"id":5272,"href":"https:\/\/fcbuetschwil.ch\/neu\/wp-json\/wp\/v2\/posts\/5263\/revisions\/5272"}],"wp:featuredmedia":[{"embeddable":true,"href":"https:\/\/fcbuetschwil.ch\/neu\/wp-json\/wp\/v2\/media\/5271"}],"wp:attachment":[{"href":"https:\/\/fcbuetschwil.ch\/neu\/wp-json\/wp\/v2\/media?parent=5263"}],"wp:term":[{"taxonomy":"category","embeddable":true,"href":"https:\/\/fcbuetschwil.ch\/neu\/wp-json\/wp\/v2\/categories?post=5263"},{"taxonomy":"post_tag","embeddable":true,"href":"https:\/\/fcbuetschwil.ch\/neu\/wp-json\/wp\/v2\/tags?post=5263"}],"curies":[{"name":"wp","href":"https:\/\/api.w.org\/{rel}","templated":true}]}}