{"id":5226,"date":"2023-03-06T15:14:46","date_gmt":"2023-03-06T13:14:46","guid":{"rendered":"https:\/\/fcbuetschwil.ch\/neu\/?p=5226"},"modified":"2023-03-06T15:14:49","modified_gmt":"2023-03-06T13:14:49","slug":"trainingslager-2023-tag-2","status":"publish","type":"post","link":"https:\/\/fcbuetschwil.ch\/neu\/trainingslager-2023-tag-2\/","title":{"rendered":"Trainingslager 2023 &#8211; Tag 2"},"content":{"rendered":"<p>Trainingslager 2023 \u2013 2. Tagebucheintrag<\/p>\n<p>Sonntag, 5. M\u00e4rz 2023<\/p>\n<p>Am zweiten Tag war das ganze Team bereit f\u00fcr den Z\u2018Morge. Also fast das ganze Team. M.H., L.F. und M.O. waren nicht in Sicht. Es stellte sich heraus, dass sie keine Morgenmenschen sind und noch tief und fest schliefen. Was mit einer gerechten Konsequenz folgte. Material schleppen, ins kalte Wasser springen und auch eine 1-min\u00fctige Auff\u00fchrung stand bei ihnen neu auf dem Programm.<\/p>\n<p>Mit dem Fr\u00fchst\u00fcck im Bauch fuhren wir mit dem Car zum Trainingsareal, verloren aber die Orientierung und fanden uns zwischen mehreren Tennispl\u00e4tzen wieder. Nach einem Rundgang durch das Areal fanden wir endlich den Fussballplatz, welcher sich, oh Wunder, direkt neben dem Car befand. F\u00fcr das n\u00e4chste Mal werfen wir gleich einen Blick auf die angeschriebenen Schilder. Im Hotel wartete eine frische Abk\u00fchlung im Pool auf uns. Mehr oder, im Falle von L.H., M.S. und M.H., eher weniger freiwillig. Heute war auch M.S.\u2018s erster Tag als Fotografin. Allerdings hatte sie ein paar Aussetzer: den Deckel nicht abgenommen beim Fotografieren oder nicht gewusst, wie der Blitz funktioniert.\u00a0<\/p>\n<p>Nach dem Mittagessen stand dann auch schon unser Freundschaftsspiel an. Frisch gest\u00e4rkt machten wir uns auf zum Theorieraum zur Videoanalyse. Jedoch verz\u00f6gerten technische Schwierigkeiten dessen Start. W\u00e4hrend Trainer S.S. und Kapit\u00e4nin D.B. diese zu \u00fcberwinden versuchten, litten wir anderen unter der fast schon unertr\u00e4glichen Hitze im Taktiksaal. Nach f\u00fcnfmin\u00fctiger Saunapause galt es dann aber ernst. Konzentriert verfolgten wir die Ausf\u00fchrungen unseres Trainers. Nur Videochefin D.B. schien nicht ganz auf der H\u00f6he zu sein. Beim &#8222;Stopp!&#8220; unseres Trainers wurde nicht gestoppt, beim &#8222;Zur\u00fcck!&#8220; lief das Video weiter, und als eine Spielsituation aus der 85&#8242; Videominute analysiert werden sollte, wurde fleissig in der 96&#8242; gesucht. Erst als zuf\u00e4lligerweise eine Szene aus unserem letzten Match abgespielt wurde, in der M.T. von einem Ball im Gesicht getroffen wurde, war D.B. hellwach. Mehrmals wurde die Szene wiederholt und sogar nach der Funktion Zeitlupe gesucht, obschon dieser Vorfall wenig bis gar nichts mit unserem Taktiktraining zu tun hatte, jedoch f\u00fcr viele Lacher und noch mehr &#8222;Aua!&#8220;-Rufe sorgte.<\/p>\n<p>Dann ging es auch schon los. Unter den Augen von vielen Schweizer, sowie albanischen Fans bestritten wir unser Testspiel. Ein Testspiel das sich schon bald wie ein Profispiel anf\u00fchlte, als mit dem Schiedsrichter gleich auch noch Linienrichter auftauchten. Der Beginn unseres Matches fiel dann ein wenig holprig aus. Nach zweimaligem R\u00fcckstand stand es zur Pause 2:2. Diese knappe Geschichte machte viele Spielerinnen und auch Trainer nerv\u00f6s. So wollte S.S. nach etwa dreissig Minuten M.S. mit falschem Trikot aufs Feld schicken. Im Falle von A.M. machte die Nervosit\u00e4t gar orientierungslos. Nach einem vehementen &#8222;Arta, Vorw\u00e4rts!&#8220; unseres Trainers, legte sie einen rasanten Zwischenspurt Richtung eigenes Tor hin. Auf das darauffolgende: &#8222;Vorw\u00e4rts nicht r\u00fcckw\u00e4rts!&#8220;, kam nur ein kurzes &#8222;Sorry!&#8220; und ein Spurt in die andere Richtung, begleitend von Lachern von der Seitenlinie. In der zweiten H\u00e4lfte konnten wir dann, unter den Augen des Herren 1, welches uns nun auch mit seiner Anwesenheit begl\u00fcckte, das Ruder rumreissen. Der Gegner schien langsam m\u00fcde und wir fanden immer besser ins Spiel. Auch A.M. schien sich nun auf dem Feld zurechtzufinden und trug ein Tor zu unserem Score bei. So entschieden wir eine Partie mit viel K\u00f6rpereinsatz (vor allem des Gegners&#8230;) mit 7:3 f\u00fcr uns.<\/p>\n<p>Zufrieden und ersch\u00f6pft fanden wir den Weg zur\u00fcck ins Hotel. Doch unser Nachmittag war noch nicht zu Ende. Die drei Langschl\u00e4fer des Tages, L.F., M.O. und M.H., machten sich nun bereit f\u00fcr ihren langersehnten Auftritt. Unter vielen erwartungsvollen Augen machten sie sich bereit. Jedoch wurden ihre Vorbereitungen j\u00e4h von einem wasserspringenden Fussballspieler unterbrochen, der nur mit Unterhose bekleidet wie ein hyperaktiver Delfin durch unsere Poolgew\u00e4sser h\u00fcpfte. Doch auch diesem Fisch ging schon bald die Luft aus und nun hiess es B\u00fchne frei f\u00fcr unser Trio. Innerhalb von wenigen Sekunden verwandelten sich unsere Schlafm\u00fctzen zu harten Rockern und spielten Luftgitarre zu &#8222;I Love Rock&#8217;n&#8217;Roll&#8220;. Zumindest 2\/3 des Trios. M.H. hat wohl auch die Bandproben verschlafen und liess ihr Luftgitarrenspiel mehr wie eine Art Bauchtanz aussehen. L.F. machte dies jedoch wieder wett und schien als Rising Star. M.O. komplettierte die Auff\u00fchrung und folgte ihren Kolleginnen mit einem gelungenen Salto ins Wasser.<\/p>\n<p>Beim Nachtessen wollte L.F. ihre Meinung \u00fcber Essen, das sie nicht mag, mit uns teilen. L.F.: \u201eB\u00e4ume, die man essen kann sind grusig.\u201c Da folgten erstmal ratlose Blicke. I.C. wollte auch noch ihren unn\u00f6tigen Senf dazugeben mit: \u201eAhhh Essb\u00e4ume\u201c, was die Verwirrung im Allgemeinen in keinster Weise verringerte. Irgendwann fiel L.F. das Wort dann wieder ein und schrie auf: \u201eBrokkoli, es sind Brokkolis.\u201c Kurz darauf kam M.H. mit einem riesigen Teller von Dessertbuffet zur\u00fcck. Da erwarteten wir alle eine riesige Portion. Doch die Entt\u00e4uschung war gross. Im Teller befand sich ein halber Schnitz Kiwi, eine halbe Heidelbeere und ein Teel\u00f6ffel voll Vanillecreme.<\/p>\n<p>Am Abend verbrachten die meisten die Zeit an der Hotelbar, um die Sketches zu planen. A.M. war jedoch anders besch\u00e4ftigt. Sie schliesste sich einer Fussballmannschaft bei albanischen Volkst\u00e4nzen an und begeisterte alle mit ihren Tanzskills. Auch F.B. wurde noch auf die B\u00fchne gerufen und durfte dem bezaubernden Hotelmagier bei einem Liebeszauber helfen. So zog ein weiterer anstrengender aber erfolgreicher Tag im sch\u00f6nen Benidorm vorbei. (I.C\/L.H.)<\/p>\n\n\n<figure class=\"wp-container-2 wp-block-gallery-1 wp-block-gallery has-nested-images columns-default is-cropped\">\n<figure class=\"wp-block-image size-large\"><img loading=\"lazy\" width=\"1600\" height=\"1200\" data-id=\"5227\"  src=\"https:\/\/fcbuetschwil.ch\/neu\/wp-content\/uploads\/2023\/03\/1.jpg\" alt=\"\" class=\"wp-image-5227\" srcset=\"https:\/\/fcbuetschwil.ch\/neu\/wp-content\/uploads\/2023\/03\/1.jpg 1600w, https:\/\/fcbuetschwil.ch\/neu\/wp-content\/uploads\/2023\/03\/1-1000x750.jpg 1000w, https:\/\/fcbuetschwil.ch\/neu\/wp-content\/uploads\/2023\/03\/1-1024x768.jpg 1024w, https:\/\/fcbuetschwil.ch\/neu\/wp-content\/uploads\/2023\/03\/1-768x576.jpg 768w, https:\/\/fcbuetschwil.ch\/neu\/wp-content\/uploads\/2023\/03\/1-1536x1152.jpg 1536w\" sizes=\"(max-width: 1600px) 100vw, 1600px\" \/><\/figure>\n\n\n\n<figure class=\"wp-block-image size-large\"><img loading=\"lazy\" width=\"1600\" height=\"1200\" data-id=\"5228\"  src=\"https:\/\/fcbuetschwil.ch\/neu\/wp-content\/uploads\/2023\/03\/1a.jpg\" alt=\"\" class=\"wp-image-5228\" srcset=\"https:\/\/fcbuetschwil.ch\/neu\/wp-content\/uploads\/2023\/03\/1a.jpg 1600w, https:\/\/fcbuetschwil.ch\/neu\/wp-content\/uploads\/2023\/03\/1a-1000x750.jpg 1000w, https:\/\/fcbuetschwil.ch\/neu\/wp-content\/uploads\/2023\/03\/1a-1024x768.jpg 1024w, https:\/\/fcbuetschwil.ch\/neu\/wp-content\/uploads\/2023\/03\/1a-768x576.jpg 768w, https:\/\/fcbuetschwil.ch\/neu\/wp-content\/uploads\/2023\/03\/1a-1536x1152.jpg 1536w\" sizes=\"(max-width: 1600px) 100vw, 1600px\" \/><\/figure>\n\n\n\n<figure class=\"wp-block-image size-large\"><img loading=\"lazy\" width=\"1424\" height=\"964\" data-id=\"5232\"  src=\"https:\/\/fcbuetschwil.ch\/neu\/wp-content\/uploads\/2023\/03\/5-1.jpg\" alt=\"\" class=\"wp-image-5232\" srcset=\"https:\/\/fcbuetschwil.ch\/neu\/wp-content\/uploads\/2023\/03\/5-1.jpg 1424w, https:\/\/fcbuetschwil.ch\/neu\/wp-content\/uploads\/2023\/03\/5-1-1000x677.jpg 1000w, https:\/\/fcbuetschwil.ch\/neu\/wp-content\/uploads\/2023\/03\/5-1-1024x693.jpg 1024w, https:\/\/fcbuetschwil.ch\/neu\/wp-content\/uploads\/2023\/03\/5-1-768x520.jpg 768w\" sizes=\"(max-width: 1424px) 100vw, 1424px\" \/><\/figure>\n\n\n\n<figure class=\"wp-block-image size-large\"><img loading=\"lazy\" width=\"1600\" height=\"1200\" data-id=\"5229\"  src=\"https:\/\/fcbuetschwil.ch\/neu\/wp-content\/uploads\/2023\/03\/2-1.jpg\" alt=\"\" class=\"wp-image-5229\" srcset=\"https:\/\/fcbuetschwil.ch\/neu\/wp-content\/uploads\/2023\/03\/2-1.jpg 1600w, https:\/\/fcbuetschwil.ch\/neu\/wp-content\/uploads\/2023\/03\/2-1-1000x750.jpg 1000w, https:\/\/fcbuetschwil.ch\/neu\/wp-content\/uploads\/2023\/03\/2-1-1024x768.jpg 1024w, https:\/\/fcbuetschwil.ch\/neu\/wp-content\/uploads\/2023\/03\/2-1-768x576.jpg 768w, https:\/\/fcbuetschwil.ch\/neu\/wp-content\/uploads\/2023\/03\/2-1-1536x1152.jpg 1536w\" sizes=\"(max-width: 1600px) 100vw, 1600px\" \/><\/figure>\n\n\n\n<figure class=\"wp-block-image size-large\"><img loading=\"lazy\" width=\"2048\" height=\"1536\" data-id=\"5230\"  src=\"https:\/\/fcbuetschwil.ch\/neu\/wp-content\/uploads\/2023\/03\/3-1.jpg\" alt=\"\" class=\"wp-image-5230\" srcset=\"https:\/\/fcbuetschwil.ch\/neu\/wp-content\/uploads\/2023\/03\/3-1.jpg 2048w, https:\/\/fcbuetschwil.ch\/neu\/wp-content\/uploads\/2023\/03\/3-1-1000x750.jpg 1000w, https:\/\/fcbuetschwil.ch\/neu\/wp-content\/uploads\/2023\/03\/3-1-1024x768.jpg 1024w, https:\/\/fcbuetschwil.ch\/neu\/wp-content\/uploads\/2023\/03\/3-1-768x576.jpg 768w, https:\/\/fcbuetschwil.ch\/neu\/wp-content\/uploads\/2023\/03\/3-1-1536x1152.jpg 1536w\" sizes=\"(max-width: 2048px) 100vw, 2048px\" \/><\/figure>\n\n\n\n<figure class=\"wp-block-image size-large\"><img loading=\"lazy\" width=\"2048\" height=\"1536\" data-id=\"5231\"  src=\"https:\/\/fcbuetschwil.ch\/neu\/wp-content\/uploads\/2023\/03\/4.jpg\" alt=\"\" class=\"wp-image-5231\" srcset=\"https:\/\/fcbuetschwil.ch\/neu\/wp-content\/uploads\/2023\/03\/4.jpg 2048w, https:\/\/fcbuetschwil.ch\/neu\/wp-content\/uploads\/2023\/03\/4-1000x750.jpg 1000w, https:\/\/fcbuetschwil.ch\/neu\/wp-content\/uploads\/2023\/03\/4-1024x768.jpg 1024w, https:\/\/fcbuetschwil.ch\/neu\/wp-content\/uploads\/2023\/03\/4-768x576.jpg 768w, https:\/\/fcbuetschwil.ch\/neu\/wp-content\/uploads\/2023\/03\/4-1536x1152.jpg 1536w\" sizes=\"(max-width: 2048px) 100vw, 2048px\" \/><\/figure>\n\n\n\n<figure class=\"wp-block-image size-large\"><img loading=\"lazy\" width=\"1824\" height=\"1368\" data-id=\"5233\"  src=\"https:\/\/fcbuetschwil.ch\/neu\/wp-content\/uploads\/2023\/03\/6.jpg\" alt=\"\" class=\"wp-image-5233\" srcset=\"https:\/\/fcbuetschwil.ch\/neu\/wp-content\/uploads\/2023\/03\/6.jpg 1824w, https:\/\/fcbuetschwil.ch\/neu\/wp-content\/uploads\/2023\/03\/6-1000x750.jpg 1000w, https:\/\/fcbuetschwil.ch\/neu\/wp-content\/uploads\/2023\/03\/6-1024x768.jpg 1024w, https:\/\/fcbuetschwil.ch\/neu\/wp-content\/uploads\/2023\/03\/6-768x576.jpg 768w, https:\/\/fcbuetschwil.ch\/neu\/wp-content\/uploads\/2023\/03\/6-1536x1152.jpg 1536w\" sizes=\"(max-width: 1824px) 100vw, 1824px\" \/><\/figure>\n\n\n\n<figure class=\"wp-block-image size-large\"><img loading=\"lazy\" width=\"1368\" height=\"1824\" data-id=\"5234\"  src=\"https:\/\/fcbuetschwil.ch\/neu\/wp-content\/uploads\/2023\/03\/7-1.jpg\" alt=\"\" class=\"wp-image-5234\" srcset=\"https:\/\/fcbuetschwil.ch\/neu\/wp-content\/uploads\/2023\/03\/7-1.jpg 1368w, https:\/\/fcbuetschwil.ch\/neu\/wp-content\/uploads\/2023\/03\/7-1-750x1000.jpg 750w, https:\/\/fcbuetschwil.ch\/neu\/wp-content\/uploads\/2023\/03\/7-1-768x1024.jpg 768w, https:\/\/fcbuetschwil.ch\/neu\/wp-content\/uploads\/2023\/03\/7-1-300x400.jpg 300w, https:\/\/fcbuetschwil.ch\/neu\/wp-content\/uploads\/2023\/03\/7-1-1152x1536.jpg 1152w\" sizes=\"(max-width: 1368px) 100vw, 1368px\" \/><\/figure>\n\n\n\n<figure class=\"wp-block-image size-large\"><img loading=\"lazy\" width=\"1500\" height=\"2000\" data-id=\"5235\"  src=\"https:\/\/fcbuetschwil.ch\/neu\/wp-content\/uploads\/2023\/03\/8-1.jpg\" alt=\"\" class=\"wp-image-5235\" srcset=\"https:\/\/fcbuetschwil.ch\/neu\/wp-content\/uploads\/2023\/03\/8-1.jpg 1500w, https:\/\/fcbuetschwil.ch\/neu\/wp-content\/uploads\/2023\/03\/8-1-750x1000.jpg 750w, https:\/\/fcbuetschwil.ch\/neu\/wp-content\/uploads\/2023\/03\/8-1-768x1024.jpg 768w, https:\/\/fcbuetschwil.ch\/neu\/wp-content\/uploads\/2023\/03\/8-1-300x400.jpg 300w, https:\/\/fcbuetschwil.ch\/neu\/wp-content\/uploads\/2023\/03\/8-1-1152x1536.jpg 1152w\" sizes=\"(max-width: 1500px) 100vw, 1500px\" \/><\/figure>\n\n\n\n<figure class=\"wp-block-image size-large\"><img loading=\"lazy\" width=\"2048\" height=\"1536\" data-id=\"5236\"  src=\"https:\/\/fcbuetschwil.ch\/neu\/wp-content\/uploads\/2023\/03\/9-1.jpg\" alt=\"\" class=\"wp-image-5236\" srcset=\"https:\/\/fcbuetschwil.ch\/neu\/wp-content\/uploads\/2023\/03\/9-1.jpg 2048w, https:\/\/fcbuetschwil.ch\/neu\/wp-content\/uploads\/2023\/03\/9-1-1000x750.jpg 1000w, https:\/\/fcbuetschwil.ch\/neu\/wp-content\/uploads\/2023\/03\/9-1-1024x768.jpg 1024w, https:\/\/fcbuetschwil.ch\/neu\/wp-content\/uploads\/2023\/03\/9-1-768x576.jpg 768w, https:\/\/fcbuetschwil.ch\/neu\/wp-content\/uploads\/2023\/03\/9-1-1536x1152.jpg 1536w\" sizes=\"(max-width: 2048px) 100vw, 2048px\" \/><\/figure>\n\n\n\n<figure class=\"wp-block-image size-large\"><img loading=\"lazy\" width=\"1536\" height=\"2048\" data-id=\"5237\"  src=\"https:\/\/fcbuetschwil.ch\/neu\/wp-content\/uploads\/2023\/03\/10-1.jpg\" alt=\"\" class=\"wp-image-5237\" srcset=\"https:\/\/fcbuetschwil.ch\/neu\/wp-content\/uploads\/2023\/03\/10-1.jpg 1536w, https:\/\/fcbuetschwil.ch\/neu\/wp-content\/uploads\/2023\/03\/10-1-750x1000.jpg 750w, https:\/\/fcbuetschwil.ch\/neu\/wp-content\/uploads\/2023\/03\/10-1-768x1024.jpg 768w, https:\/\/fcbuetschwil.ch\/neu\/wp-content\/uploads\/2023\/03\/10-1-300x400.jpg 300w, https:\/\/fcbuetschwil.ch\/neu\/wp-content\/uploads\/2023\/03\/10-1-1152x1536.jpg 1152w\" sizes=\"(max-width: 1536px) 100vw, 1536px\" \/><\/figure>\n\n\n\n<figure class=\"wp-block-image size-large\"><img loading=\"lazy\" width=\"1536\" height=\"2048\" data-id=\"5238\"  src=\"https:\/\/fcbuetschwil.ch\/neu\/wp-content\/uploads\/2023\/03\/11-1.jpg\" alt=\"\" class=\"wp-image-5238\" srcset=\"https:\/\/fcbuetschwil.ch\/neu\/wp-content\/uploads\/2023\/03\/11-1.jpg 1536w, https:\/\/fcbuetschwil.ch\/neu\/wp-content\/uploads\/2023\/03\/11-1-750x1000.jpg 750w, https:\/\/fcbuetschwil.ch\/neu\/wp-content\/uploads\/2023\/03\/11-1-768x1024.jpg 768w, https:\/\/fcbuetschwil.ch\/neu\/wp-content\/uploads\/2023\/03\/11-1-300x400.jpg 300w, https:\/\/fcbuetschwil.ch\/neu\/wp-content\/uploads\/2023\/03\/11-1-1152x1536.jpg 1152w\" sizes=\"(max-width: 1536px) 100vw, 1536px\" \/><\/figure>\n\n\n\n<figure class=\"wp-block-image size-large\"><img loading=\"lazy\" width=\"1024\" height=\"681\" data-id=\"5252\"  src=\"https:\/\/fcbuetschwil.ch\/neu\/wp-content\/uploads\/2023\/03\/IMG_6183-1024x681.jpg\" alt=\"\" class=\"wp-image-5252\" srcset=\"https:\/\/fcbuetschwil.ch\/neu\/wp-content\/uploads\/2023\/03\/IMG_6183-1024x681.jpg 1024w, https:\/\/fcbuetschwil.ch\/neu\/wp-content\/uploads\/2023\/03\/IMG_6183-1000x665.jpg 1000w, https:\/\/fcbuetschwil.ch\/neu\/wp-content\/uploads\/2023\/03\/IMG_6183-768x511.jpg 768w, https:\/\/fcbuetschwil.ch\/neu\/wp-content\/uploads\/2023\/03\/IMG_6183-391x260.jpg 391w, https:\/\/fcbuetschwil.ch\/neu\/wp-content\/uploads\/2023\/03\/IMG_6183-1536x1021.jpg 1536w, https:\/\/fcbuetschwil.ch\/neu\/wp-content\/uploads\/2023\/03\/IMG_6183-2048x1362.jpg 2048w\" sizes=\"(max-width: 1024px) 100vw, 1024px\" \/><\/figure>\n\n\n\n<figure class=\"wp-block-image size-large\"><img loading=\"lazy\" width=\"1024\" height=\"681\" data-id=\"5241\"  src=\"https:\/\/fcbuetschwil.ch\/neu\/wp-content\/uploads\/2023\/03\/IMG_6173-1024x681.jpg\" alt=\"\" class=\"wp-image-5241\" srcset=\"https:\/\/fcbuetschwil.ch\/neu\/wp-content\/uploads\/2023\/03\/IMG_6173-1024x681.jpg 1024w, https:\/\/fcbuetschwil.ch\/neu\/wp-content\/uploads\/2023\/03\/IMG_6173-1000x665.jpg 1000w, https:\/\/fcbuetschwil.ch\/neu\/wp-content\/uploads\/2023\/03\/IMG_6173-768x511.jpg 768w, https:\/\/fcbuetschwil.ch\/neu\/wp-content\/uploads\/2023\/03\/IMG_6173-391x260.jpg 391w, https:\/\/fcbuetschwil.ch\/neu\/wp-content\/uploads\/2023\/03\/IMG_6173-1536x1021.jpg 1536w, https:\/\/fcbuetschwil.ch\/neu\/wp-content\/uploads\/2023\/03\/IMG_6173-2048x1362.jpg 2048w\" sizes=\"(max-width: 1024px) 100vw, 1024px\" \/><\/figure>\n\n\n\n<figure class=\"wp-block-image size-large\"><img loading=\"lazy\" width=\"1024\" height=\"681\" data-id=\"5243\"  src=\"https:\/\/fcbuetschwil.ch\/neu\/wp-content\/uploads\/2023\/03\/IMG_6172-1024x681.jpg\" alt=\"\" class=\"wp-image-5243\" srcset=\"https:\/\/fcbuetschwil.ch\/neu\/wp-content\/uploads\/2023\/03\/IMG_6172-1024x681.jpg 1024w, https:\/\/fcbuetschwil.ch\/neu\/wp-content\/uploads\/2023\/03\/IMG_6172-1000x665.jpg 1000w, https:\/\/fcbuetschwil.ch\/neu\/wp-content\/uploads\/2023\/03\/IMG_6172-768x511.jpg 768w, https:\/\/fcbuetschwil.ch\/neu\/wp-content\/uploads\/2023\/03\/IMG_6172-391x260.jpg 391w, https:\/\/fcbuetschwil.ch\/neu\/wp-content\/uploads\/2023\/03\/IMG_6172-1536x1021.jpg 1536w, https:\/\/fcbuetschwil.ch\/neu\/wp-content\/uploads\/2023\/03\/IMG_6172-2048x1362.jpg 2048w\" sizes=\"(max-width: 1024px) 100vw, 1024px\" \/><\/figure>\n\n\n\n<figure class=\"wp-block-image size-large\"><img loading=\"lazy\" width=\"1024\" height=\"681\" data-id=\"5251\"  src=\"https:\/\/fcbuetschwil.ch\/neu\/wp-content\/uploads\/2023\/03\/IMG_6171-1024x681.jpg\" alt=\"\" class=\"wp-image-5251\" srcset=\"https:\/\/fcbuetschwil.ch\/neu\/wp-content\/uploads\/2023\/03\/IMG_6171-1024x681.jpg 1024w, https:\/\/fcbuetschwil.ch\/neu\/wp-content\/uploads\/2023\/03\/IMG_6171-1000x665.jpg 1000w, https:\/\/fcbuetschwil.ch\/neu\/wp-content\/uploads\/2023\/03\/IMG_6171-768x511.jpg 768w, https:\/\/fcbuetschwil.ch\/neu\/wp-content\/uploads\/2023\/03\/IMG_6171-391x260.jpg 391w, https:\/\/fcbuetschwil.ch\/neu\/wp-content\/uploads\/2023\/03\/IMG_6171-1536x1021.jpg 1536w, https:\/\/fcbuetschwil.ch\/neu\/wp-content\/uploads\/2023\/03\/IMG_6171-2048x1362.jpg 2048w\" sizes=\"(max-width: 1024px) 100vw, 1024px\" \/><\/figure>\n\n\n\n<figure class=\"wp-block-image size-large\"><img loading=\"lazy\" width=\"1024\" height=\"681\" data-id=\"5254\"  src=\"https:\/\/fcbuetschwil.ch\/neu\/wp-content\/uploads\/2023\/03\/IMG_6181-1024x681.jpg\" alt=\"\" class=\"wp-image-5254\" srcset=\"https:\/\/fcbuetschwil.ch\/neu\/wp-content\/uploads\/2023\/03\/IMG_6181-1024x681.jpg 1024w, https:\/\/fcbuetschwil.ch\/neu\/wp-content\/uploads\/2023\/03\/IMG_6181-1000x665.jpg 1000w, https:\/\/fcbuetschwil.ch\/neu\/wp-content\/uploads\/2023\/03\/IMG_6181-768x511.jpg 768w, https:\/\/fcbuetschwil.ch\/neu\/wp-content\/uploads\/2023\/03\/IMG_6181-391x260.jpg 391w, https:\/\/fcbuetschwil.ch\/neu\/wp-content\/uploads\/2023\/03\/IMG_6181-1536x1021.jpg 1536w, https:\/\/fcbuetschwil.ch\/neu\/wp-content\/uploads\/2023\/03\/IMG_6181-2048x1362.jpg 2048w\" sizes=\"(max-width: 1024px) 100vw, 1024px\" \/><\/figure>\n\n\n\n<figure class=\"wp-block-image size-large\"><img loading=\"lazy\" width=\"1024\" height=\"681\" data-id=\"5245\"  src=\"https:\/\/fcbuetschwil.ch\/neu\/wp-content\/uploads\/2023\/03\/IMG_6179-1024x681.jpg\" alt=\"\" class=\"wp-image-5245\" srcset=\"https:\/\/fcbuetschwil.ch\/neu\/wp-content\/uploads\/2023\/03\/IMG_6179-1024x681.jpg 1024w, https:\/\/fcbuetschwil.ch\/neu\/wp-content\/uploads\/2023\/03\/IMG_6179-1000x665.jpg 1000w, https:\/\/fcbuetschwil.ch\/neu\/wp-content\/uploads\/2023\/03\/IMG_6179-768x511.jpg 768w, https:\/\/fcbuetschwil.ch\/neu\/wp-content\/uploads\/2023\/03\/IMG_6179-391x260.jpg 391w, https:\/\/fcbuetschwil.ch\/neu\/wp-content\/uploads\/2023\/03\/IMG_6179-1536x1021.jpg 1536w, https:\/\/fcbuetschwil.ch\/neu\/wp-content\/uploads\/2023\/03\/IMG_6179-2048x1362.jpg 2048w\" sizes=\"(max-width: 1024px) 100vw, 1024px\" \/><\/figure>\n\n\n\n<figure class=\"wp-block-image size-large\"><img loading=\"lazy\" width=\"1024\" height=\"681\" data-id=\"5249\"  src=\"https:\/\/fcbuetschwil.ch\/neu\/wp-content\/uploads\/2023\/03\/IMG_6178-1024x681.jpg\" alt=\"\" class=\"wp-image-5249\" srcset=\"https:\/\/fcbuetschwil.ch\/neu\/wp-content\/uploads\/2023\/03\/IMG_6178-1024x681.jpg 1024w, https:\/\/fcbuetschwil.ch\/neu\/wp-content\/uploads\/2023\/03\/IMG_6178-1000x665.jpg 1000w, https:\/\/fcbuetschwil.ch\/neu\/wp-content\/uploads\/2023\/03\/IMG_6178-768x511.jpg 768w, https:\/\/fcbuetschwil.ch\/neu\/wp-content\/uploads\/2023\/03\/IMG_6178-391x260.jpg 391w, https:\/\/fcbuetschwil.ch\/neu\/wp-content\/uploads\/2023\/03\/IMG_6178-1536x1021.jpg 1536w, https:\/\/fcbuetschwil.ch\/neu\/wp-content\/uploads\/2023\/03\/IMG_6178-2048x1362.jpg 2048w\" sizes=\"(max-width: 1024px) 100vw, 1024px\" \/><\/figure>\n\n\n\n<figure class=\"wp-block-image size-large\"><img loading=\"lazy\" width=\"1024\" height=\"681\" data-id=\"5250\"  src=\"https:\/\/fcbuetschwil.ch\/neu\/wp-content\/uploads\/2023\/03\/IMG_6177-1024x681.jpg\" alt=\"\" class=\"wp-image-5250\" srcset=\"https:\/\/fcbuetschwil.ch\/neu\/wp-content\/uploads\/2023\/03\/IMG_6177-1024x681.jpg 1024w, https:\/\/fcbuetschwil.ch\/neu\/wp-content\/uploads\/2023\/03\/IMG_6177-1000x665.jpg 1000w, https:\/\/fcbuetschwil.ch\/neu\/wp-content\/uploads\/2023\/03\/IMG_6177-768x511.jpg 768w, https:\/\/fcbuetschwil.ch\/neu\/wp-content\/uploads\/2023\/03\/IMG_6177-391x260.jpg 391w, https:\/\/fcbuetschwil.ch\/neu\/wp-content\/uploads\/2023\/03\/IMG_6177-1536x1021.jpg 1536w, https:\/\/fcbuetschwil.ch\/neu\/wp-content\/uploads\/2023\/03\/IMG_6177-2048x1362.jpg 2048w\" sizes=\"(max-width: 1024px) 100vw, 1024px\" \/><\/figure>\n\n\n\n<figure class=\"wp-block-image size-large\"><img loading=\"lazy\" width=\"1024\" height=\"681\" data-id=\"5248\"  src=\"https:\/\/fcbuetschwil.ch\/neu\/wp-content\/uploads\/2023\/03\/IMG_6170-1024x681.jpg\" alt=\"\" class=\"wp-image-5248\" srcset=\"https:\/\/fcbuetschwil.ch\/neu\/wp-content\/uploads\/2023\/03\/IMG_6170-1024x681.jpg 1024w, https:\/\/fcbuetschwil.ch\/neu\/wp-content\/uploads\/2023\/03\/IMG_6170-1000x665.jpg 1000w, https:\/\/fcbuetschwil.ch\/neu\/wp-content\/uploads\/2023\/03\/IMG_6170-768x511.jpg 768w, https:\/\/fcbuetschwil.ch\/neu\/wp-content\/uploads\/2023\/03\/IMG_6170-391x260.jpg 391w, https:\/\/fcbuetschwil.ch\/neu\/wp-content\/uploads\/2023\/03\/IMG_6170-1536x1021.jpg 1536w, https:\/\/fcbuetschwil.ch\/neu\/wp-content\/uploads\/2023\/03\/IMG_6170-2048x1362.jpg 2048w\" sizes=\"(max-width: 1024px) 100vw, 1024px\" \/><\/figure>\n\n\n\n<figure class=\"wp-block-image size-large\"><img loading=\"lazy\" width=\"1024\" height=\"681\" data-id=\"5247\"  src=\"https:\/\/fcbuetschwil.ch\/neu\/wp-content\/uploads\/2023\/03\/IMG_6169-1024x681.jpg\" alt=\"\" class=\"wp-image-5247\" srcset=\"https:\/\/fcbuetschwil.ch\/neu\/wp-content\/uploads\/2023\/03\/IMG_6169-1024x681.jpg 1024w, https:\/\/fcbuetschwil.ch\/neu\/wp-content\/uploads\/2023\/03\/IMG_6169-1000x665.jpg 1000w, https:\/\/fcbuetschwil.ch\/neu\/wp-content\/uploads\/2023\/03\/IMG_6169-768x511.jpg 768w, https:\/\/fcbuetschwil.ch\/neu\/wp-content\/uploads\/2023\/03\/IMG_6169-391x260.jpg 391w, https:\/\/fcbuetschwil.ch\/neu\/wp-content\/uploads\/2023\/03\/IMG_6169-1536x1021.jpg 1536w, https:\/\/fcbuetschwil.ch\/neu\/wp-content\/uploads\/2023\/03\/IMG_6169-2048x1362.jpg 2048w\" sizes=\"(max-width: 1024px) 100vw, 1024px\" \/><\/figure>\n\n\n\n<figure class=\"wp-block-image size-large\"><img loading=\"lazy\" width=\"1024\" height=\"681\" data-id=\"5246\"  src=\"https:\/\/fcbuetschwil.ch\/neu\/wp-content\/uploads\/2023\/03\/IMG_6168-1024x681.jpg\" alt=\"\" class=\"wp-image-5246\" srcset=\"https:\/\/fcbuetschwil.ch\/neu\/wp-content\/uploads\/2023\/03\/IMG_6168-1024x681.jpg 1024w, https:\/\/fcbuetschwil.ch\/neu\/wp-content\/uploads\/2023\/03\/IMG_6168-1000x665.jpg 1000w, https:\/\/fcbuetschwil.ch\/neu\/wp-content\/uploads\/2023\/03\/IMG_6168-768x511.jpg 768w, https:\/\/fcbuetschwil.ch\/neu\/wp-content\/uploads\/2023\/03\/IMG_6168-391x260.jpg 391w, https:\/\/fcbuetschwil.ch\/neu\/wp-content\/uploads\/2023\/03\/IMG_6168-1536x1021.jpg 1536w, https:\/\/fcbuetschwil.ch\/neu\/wp-content\/uploads\/2023\/03\/IMG_6168-2048x1362.jpg 2048w\" sizes=\"(max-width: 1024px) 100vw, 1024px\" \/><\/figure>\n\n\n\n<figure class=\"wp-block-image size-large\"><img loading=\"lazy\" width=\"1024\" height=\"681\" data-id=\"5244\"  src=\"https:\/\/fcbuetschwil.ch\/neu\/wp-content\/uploads\/2023\/03\/IMG_6175-1024x681.jpg\" alt=\"\" class=\"wp-image-5244\" srcset=\"https:\/\/fcbuetschwil.ch\/neu\/wp-content\/uploads\/2023\/03\/IMG_6175-1024x681.jpg 1024w, https:\/\/fcbuetschwil.ch\/neu\/wp-content\/uploads\/2023\/03\/IMG_6175-1000x665.jpg 1000w, https:\/\/fcbuetschwil.ch\/neu\/wp-content\/uploads\/2023\/03\/IMG_6175-768x511.jpg 768w, https:\/\/fcbuetschwil.ch\/neu\/wp-content\/uploads\/2023\/03\/IMG_6175-391x260.jpg 391w, https:\/\/fcbuetschwil.ch\/neu\/wp-content\/uploads\/2023\/03\/IMG_6175-1536x1021.jpg 1536w, https:\/\/fcbuetschwil.ch\/neu\/wp-content\/uploads\/2023\/03\/IMG_6175-2048x1362.jpg 2048w\" sizes=\"(max-width: 1024px) 100vw, 1024px\" \/><\/figure>\n<\/figure>\n","protected":false},"excerpt":{"rendered":"<p>Trainingslager 2023 \u2013 2. Tagebucheintrag Sonntag, 5. M\u00e4rz 2023 Am zweiten Tag war das ganze Team bereit f\u00fcr den Z\u2018Morge. Also fast das ganze Team. M.H., L.F. und M.O. waren nicht in Sicht. Es stellte sich heraus, dass sie keine Morgenmenschen sind und noch tief und fest schliefen. Was mit einer gerechten Konsequenz folgte. Material&hellip;&nbsp;<a href=\"https:\/\/fcbuetschwil.ch\/neu\/trainingslager-2023-tag-2\/\" class=\"\" rel=\"bookmark\">Weiterlesen &raquo;<span class=\"screen-reader-text\">Trainingslager 2023 &#8211; Tag 2<\/span><\/a><\/p>\n","protected":false},"author":1,"featured_media":5233,"comment_status":"open","ping_status":"open","sticky":false,"template":"","format":"standard","meta":{"inline_featured_image":false,"_mi_skip_tracking":false,"kia_subtitle":"","neve_meta_sidebar":"","neve_meta_container":"","neve_meta_enable_content_width":"","neve_meta_content_width":0,"neve_meta_title_alignment":"","neve_meta_author_avatar":"","neve_post_elements_order":"","neve_meta_disable_header":"","neve_meta_disable_footer":"","neve_meta_disable_title":""},"categories":[56],"tags":[],"_links":{"self":[{"href":"https:\/\/fcbuetschwil.ch\/neu\/wp-json\/wp\/v2\/posts\/5226"}],"collection":[{"href":"https:\/\/fcbuetschwil.ch\/neu\/wp-json\/wp\/v2\/posts"}],"about":[{"href":"https:\/\/fcbuetschwil.ch\/neu\/wp-json\/wp\/v2\/types\/post"}],"author":[{"embeddable":true,"href":"https:\/\/fcbuetschwil.ch\/neu\/wp-json\/wp\/v2\/users\/1"}],"replies":[{"embeddable":true,"href":"https:\/\/fcbuetschwil.ch\/neu\/wp-json\/wp\/v2\/comments?post=5226"}],"version-history":[{"count":4,"href":"https:\/\/fcbuetschwil.ch\/neu\/wp-json\/wp\/v2\/posts\/5226\/revisions"}],"predecessor-version":[{"id":5257,"href":"https:\/\/fcbuetschwil.ch\/neu\/wp-json\/wp\/v2\/posts\/5226\/revisions\/5257"}],"wp:featuredmedia":[{"embeddable":true,"href":"https:\/\/fcbuetschwil.ch\/neu\/wp-json\/wp\/v2\/media\/5233"}],"wp:attachment":[{"href":"https:\/\/fcbuetschwil.ch\/neu\/wp-json\/wp\/v2\/media?parent=5226"}],"wp:term":[{"taxonomy":"category","embeddable":true,"href":"https:\/\/fcbuetschwil.ch\/neu\/wp-json\/wp\/v2\/categories?post=5226"},{"taxonomy":"post_tag","embeddable":true,"href":"https:\/\/fcbuetschwil.ch\/neu\/wp-json\/wp\/v2\/tags?post=5226"}],"curies":[{"name":"wp","href":"https:\/\/api.w.org\/{rel}","templated":true}]}}