{"id":4801,"date":"2022-11-07T20:40:12","date_gmt":"2022-11-07T18:40:12","guid":{"rendered":"https:\/\/fcbuetschwil.ch\/neu\/?p=4801"},"modified":"2023-03-01T23:24:34","modified_gmt":"2023-03-01T21:24:34","slug":"matchbericht-herren-1-vs-fc-muenchwilen","status":"publish","type":"post","link":"https:\/\/fcbuetschwil.ch\/neu\/matchbericht-herren-1-vs-fc-muenchwilen\/","title":{"rendered":"Matchbericht Herren 1 vs. FC M\u00fcnchwilen"},"content":{"rendered":"\n<p>Das Herren 1 kann auch das letzte Meisterschaftsspiel der Hinrunde siegreich gestalten und kann nach dem 4:2 Sieg zum Abschluss auf eine gelungene Vorrunde zur\u00fcckblicken.<\/p>\n\n\n\n<p><strong>Link zum Spielbericht:<\/strong><\/p>\n\n\n\n<p><a href=\"https:\/\/www.tagblatt.ch\/ostschweiz\/toggenburg\/der-fc-butschwil-beendet-die-vorrunde-ungeschlagen-ld.2368693\">https:\/\/www.tagblatt.ch\/ostschweiz\/toggenburg\/der-fc-butschwil-beendet-die-vorrunde-ungeschlagen-ld.2368693<\/a><\/p>\n\n\n\n<p><strong>Matchtelegramm<\/strong><\/p>\n\n\n\n<p>FC B\u00fctschwil &#8211; FC Kirchberg 2:0 (1:0)<\/p>\n\n\n\n<p>Breite, B\u00fctschwil<\/p>\n\n\n\n<p>Tore: 30. Raphael Fust 1:0, 45. Fabian Br\u00e4ndle 2:0, 52. Daniel F\u00e4h 3:0, 63. Beim Panik 3:1, 77. Severin G\u00fcbeli 4:1, 82. Beim Panik 4:2<\/p>\n\n\n\n<p>B\u00fctschwil: Noah Oswald, Gian Pfister, Sandro Brunner, Pascal Hollenstein, Silvan Forrer, Raphael Fust, David Birchler, Severin G\u00fcbeli, Elias Keller, Daniel F\u00e4h, Fabian Br\u00e4ndle.<\/p>\n\n\n\n<p>Die Vorrunde der ersten Herrenmannschaft ist damit vorbei. Wir w\u00fcrden uns freuen, euch auch im Fr\u00fchjahr wieder auf der Breite begr\u00fcssen zu d\u00fcrfen. Hopp B\u00fctschwil!<\/p>\n","protected":false},"excerpt":{"rendered":"<p>Das Herren 1 kann auch das letzte Meisterschaftsspiel der Hinrunde siegreich gestalten und kann nach dem 4:2 Sieg zum Abschluss auf eine gelungene Vorrunde zur\u00fcckblicken. Link zum Spielbericht: https:\/\/www.tagblatt.ch\/ostschweiz\/toggenburg\/der-fc-butschwil-beendet-die-vorrunde-ungeschlagen-ld.2368693 Matchtelegramm FC B\u00fctschwil &#8211; FC Kirchberg 2:0 (1:0) Breite, B\u00fctschwil Tore: 30. Raphael Fust 1:0, 45. Fabian Br\u00e4ndle 2:0, 52. Daniel F\u00e4h 3:0, 63. Beim Panik&hellip;&nbsp;<a href=\"https:\/\/fcbuetschwil.ch\/neu\/matchbericht-herren-1-vs-fc-muenchwilen\/\" class=\"\" rel=\"bookmark\">Weiterlesen &raquo;<span class=\"screen-reader-text\">Matchbericht Herren 1 vs. FC M\u00fcnchwilen<\/span><\/a><\/p>\n","protected":false},"author":7,"featured_media":4823,"comment_status":"open","ping_status":"open","sticky":false,"template":"","format":"standard","meta":{"inline_featured_image":false,"_mi_skip_tracking":false,"kia_subtitle":"Ein perfekter Abschluss: B\u00fctschwil holt sich im letzten Spiel des Jahres nochmals drei Punkte.","neve_meta_sidebar":"","neve_meta_container":"","neve_meta_enable_content_width":"","neve_meta_content_width":0,"neve_meta_title_alignment":"","neve_meta_author_avatar":"","neve_post_elements_order":"","neve_meta_disable_header":"","neve_meta_disable_footer":"","neve_meta_disable_title":""},"categories":[2],"tags":[],"_links":{"self":[{"href":"https:\/\/fcbuetschwil.ch\/neu\/wp-json\/wp\/v2\/posts\/4801"}],"collection":[{"href":"https:\/\/fcbuetschwil.ch\/neu\/wp-json\/wp\/v2\/posts"}],"about":[{"href":"https:\/\/fcbuetschwil.ch\/neu\/wp-json\/wp\/v2\/types\/post"}],"author":[{"embeddable":true,"href":"https:\/\/fcbuetschwil.ch\/neu\/wp-json\/wp\/v2\/users\/7"}],"replies":[{"embeddable":true,"href":"https:\/\/fcbuetschwil.ch\/neu\/wp-json\/wp\/v2\/comments?post=4801"}],"version-history":[{"count":3,"href":"https:\/\/fcbuetschwil.ch\/neu\/wp-json\/wp\/v2\/posts\/4801\/revisions"}],"predecessor-version":[{"id":4822,"href":"https:\/\/fcbuetschwil.ch\/neu\/wp-json\/wp\/v2\/posts\/4801\/revisions\/4822"}],"wp:featuredmedia":[{"embeddable":true,"href":"https:\/\/fcbuetschwil.ch\/neu\/wp-json\/wp\/v2\/media\/4823"}],"wp:attachment":[{"href":"https:\/\/fcbuetschwil.ch\/neu\/wp-json\/wp\/v2\/media?parent=4801"}],"wp:term":[{"taxonomy":"category","embeddable":true,"href":"https:\/\/fcbuetschwil.ch\/neu\/wp-json\/wp\/v2\/categories?post=4801"},{"taxonomy":"post_tag","embeddable":true,"href":"https:\/\/fcbuetschwil.ch\/neu\/wp-json\/wp\/v2\/tags?post=4801"}],"curies":[{"name":"wp","href":"https:\/\/api.w.org\/{rel}","templated":true}]}}