{"id":3936,"date":"2022-08-25T13:07:58","date_gmt":"2022-08-25T11:07:58","guid":{"rendered":"https:\/\/fcbuetschwil.ch\/neu\/?p=3936"},"modified":"2022-08-25T13:08:01","modified_gmt":"2022-08-25T11:08:01","slug":"matchbericht-damen-1-vs-fc-rapperswil-jona-2-2","status":"publish","type":"post","link":"https:\/\/fcbuetschwil.ch\/neu\/matchbericht-damen-1-vs-fc-rapperswil-jona-2-2\/","title":{"rendered":"Matchbericht Damen 1 vs. FC Rapperswil-Jona 2"},"content":{"rendered":"\n<p>B\u00fctschwil setzt seine Siegesserie auch gegen Rapperswil-Jona fort. Das 6:1 ausw\u00e4rts am Sonntag bedeutet bereits den dritten Vollerfolg in Folge.<\/p>\n\n\n\n<p><\/p>\n\n\n\n<p>Link zum Spielbericht: <a href=\"https:\/\/www.tagblatt.ch\/ostschweiz\/toggenburg\/regionalfussball-die-buetschwiler-frauen-feiern-beim-40-gegen-romanshorn-den-sechsten-rueckrundensieg-und-liefern-dabei-eine-starke-leistung-ab-ld.2300590\"><a href=\"https:\/\/www.tagblatt.ch\/sport\/spielberichte-regiofussball-ostschweiz\/alexandra-brandle-fuhrt-butschwil-mit-drei-toren-zum-sieg-gegen-rapperswil-jona-ld.2303612\">Frauen 2. Liga &#8211; Alexandra Br\u00e4ndle f\u00fchrt B\u00fctschwil mit drei Toren zum Sieg gegen Rapperswil-Jona (tagblatt.ch)<\/a><\/a><\/p>\n\n\n\n<p>Foto: Beat Lanzendorfer<\/p>\n\n\n\n<h3>Matchtelegramm<\/h3>\n\n\n\n<p>FC Rapperswil-Jona 2 &#8211; FC B\u00fctschwil 1:6 (0:3)<\/p>\n\n\n\n<p>Sportplatz Gr\u00fcnfeld, Jona \u2013 15 Zuschauer \u2013 Tore: 34. A. Br\u00e4ndle, 38.  A. Br\u00e4ndle, 40. Thalmann, 52. Pagotto, 54.  A. Br\u00e4ndle, 81. M\u00fcnger, 89. Thalmann<\/p>\n\n\n\n<p>B\u00fctschwil: Clerc; Salzmann, G\u00fcbeli, M. Br\u00e4ndle; F. Br\u00e4ndle, Werder, Thalmann, Gm\u00fcr;  A. Br\u00e4ndle, Oberholzer, Kern. Ersatz: A. Forrer, L. Forrer, M\u00fcnger, Scherrer.<\/p>\n\n\n\n<p><\/p>\n","protected":false},"excerpt":{"rendered":"<p>B\u00fctschwil setzt seine Siegesserie auch gegen Rapperswil-Jona fort. Das 6:1 ausw\u00e4rts am Sonntag bedeutet bereits den dritten Vollerfolg in Folge. Link zum Spielbericht: Frauen 2. Liga &#8211; Alexandra Br\u00e4ndle f\u00fchrt B\u00fctschwil mit drei Toren zum Sieg gegen Rapperswil-Jona (tagblatt.ch) Foto: Beat Lanzendorfer Matchtelegramm FC Rapperswil-Jona 2 &#8211; FC B\u00fctschwil 1:6 (0:3) Sportplatz Gr\u00fcnfeld, Jona \u2013&hellip;&nbsp;<a href=\"https:\/\/fcbuetschwil.ch\/neu\/matchbericht-damen-1-vs-fc-rapperswil-jona-2-2\/\" class=\"\" rel=\"bookmark\">Weiterlesen &raquo;<span class=\"screen-reader-text\">Matchbericht Damen 1 vs. FC Rapperswil-Jona 2<\/span><\/a><\/p>\n","protected":false},"author":1,"featured_media":3760,"comment_status":"open","ping_status":"open","sticky":false,"template":"","format":"standard","meta":{"inline_featured_image":false,"_mi_skip_tracking":false,"kia_subtitle":"Die B\u00fctschwilerinnen verabschieden sich mit einem weiteren Sieg in die Sommerpause.","neve_meta_sidebar":"","neve_meta_container":"","neve_meta_enable_content_width":"","neve_meta_content_width":0,"neve_meta_title_alignment":"","neve_meta_author_avatar":"","neve_post_elements_order":"","neve_meta_disable_header":"","neve_meta_disable_footer":"","neve_meta_disable_title":""},"categories":[3],"tags":[],"_links":{"self":[{"href":"https:\/\/fcbuetschwil.ch\/neu\/wp-json\/wp\/v2\/posts\/3936"}],"collection":[{"href":"https:\/\/fcbuetschwil.ch\/neu\/wp-json\/wp\/v2\/posts"}],"about":[{"href":"https:\/\/fcbuetschwil.ch\/neu\/wp-json\/wp\/v2\/types\/post"}],"author":[{"embeddable":true,"href":"https:\/\/fcbuetschwil.ch\/neu\/wp-json\/wp\/v2\/users\/1"}],"replies":[{"embeddable":true,"href":"https:\/\/fcbuetschwil.ch\/neu\/wp-json\/wp\/v2\/comments?post=3936"}],"version-history":[{"count":1,"href":"https:\/\/fcbuetschwil.ch\/neu\/wp-json\/wp\/v2\/posts\/3936\/revisions"}],"predecessor-version":[{"id":3937,"href":"https:\/\/fcbuetschwil.ch\/neu\/wp-json\/wp\/v2\/posts\/3936\/revisions\/3937"}],"wp:featuredmedia":[{"embeddable":true,"href":"https:\/\/fcbuetschwil.ch\/neu\/wp-json\/wp\/v2\/media\/3760"}],"wp:attachment":[{"href":"https:\/\/fcbuetschwil.ch\/neu\/wp-json\/wp\/v2\/media?parent=3936"}],"wp:term":[{"taxonomy":"category","embeddable":true,"href":"https:\/\/fcbuetschwil.ch\/neu\/wp-json\/wp\/v2\/categories?post=3936"},{"taxonomy":"post_tag","embeddable":true,"href":"https:\/\/fcbuetschwil.ch\/neu\/wp-json\/wp\/v2\/tags?post=3936"}],"curies":[{"name":"wp","href":"https:\/\/api.w.org\/{rel}","templated":true}]}}