{"id":3736,"date":"2022-05-08T18:16:25","date_gmt":"2022-05-08T16:16:25","guid":{"rendered":"https:\/\/fcbuetschwil.ch\/neu\/?p=3736"},"modified":"2022-05-08T18:16:27","modified_gmt":"2022-05-08T16:16:27","slug":"matchbericht-herren-1-vs-fc-appenzell","status":"publish","type":"post","link":"https:\/\/fcbuetschwil.ch\/neu\/matchbericht-herren-1-vs-fc-appenzell\/","title":{"rendered":"Matchbericht Herren 1 vs. FC Appenzell"},"content":{"rendered":"\n<h2>2:3-Heimniederlage gegen Appenzell: Die Batterien der B\u00fctschwiler Spieler waren leer<\/h2>\n\n\n\n<p>Nach zuletzt zwei Dreiern fehlte den Akteuren des Toggenburger Drittligisten am Samstag die Kraft, um eine Woche mit dem dritten Sieg innert acht Tagen perfekt abschliessen zu k\u00f6nnen.<\/p>\n\n\n\n<p id=\"id-doc-1g2h0k3f10\">Es h\u00e4tte eine perfekte Woche f\u00fcr die B\u00fctschwiler werden k\u00f6nnen. Nach dem 2:0-Sieg am Sonntag in Rorschacherberg folgte am Mittwoch das 3:2 bei Neckertal-Degersheim.<\/p>\n\n\n\n<p id=\"id-doc-1g2h0k3f30\">Beim dritten Spiel innert acht Tagen fehlte den B\u00fctschwiler Akteuren aber die Kraft, um nochmals einen draufsetzen zu k\u00f6nnen. Der 3:2-Sieg von Appenzell auf der Breite war deshalb keineswegs unverdient.<\/p>\n\n\n\n<p id=\"id-doc-1g2h0k3f40\">Dazu Trainer Ruedi Eisenhut: \u00abIch kann meinen Jungs keinen Vorwurf machen. Gegen die physisch und spielerisch starken Appenzeller fehlte uns nach dem harten Programm die Frische.\u00bb Dabei zollte er dem Gegner aber auch Respekt. \u00abMich verwundert es etwas, dass die Mannschaft nur auf Rang 10 steht.\u00bb<\/p>\n\n\n\n<h3 id=\"id-doc-1g2h0k3f50\">Die Einheimischen liegen zur Pause 0:2 hinten<\/h3>\n\n\n\n<p id=\"id-doc-1g2h0k3f60\">Mit einer gen\u00fcgend grossen Reserve nach hinten m\u00fcssen sich die Appenzeller hinsichtlich des Abstiegs aber keinen Sorgen mehr machen. Die B\u00fctschwiler verbleiben hingegen trotz Niederlage im erweiterten Spitzenfeld.<\/p>\n\n\n\n<p id=\"id-doc-1g2h0k3f70\">Die erste Halbzeit verlief alles andere als nach dem Geschmack der Einheimischen. Manser und Baumann schossen f\u00fcr die G\u00e4ste bereits in der Startphase zwei Tore. Als F\u00e4h nach 65 Minuten auf 1:2 verk\u00fcrzte, kehrte bei den Toggenburgern der Glaube an einen Punktgewinn zur\u00fcck.<\/p>\n\n\n\n<p id=\"id-doc-1g2h0t2j81\">Gut f\u00fcnf Minuten sp\u00e4ter war das 2:2 Tatsache. Unter g\u00fctiger Mithilfe des gegnerischen Torh\u00fcters gelang dem 17-j\u00e4hrigen Claudio Bl\u00f6chliger sein erstes Meisterschaftstor im Dress der ersten Mannschaft. Damit eifert er seinem Vater Max nach, der einstigen B\u00fctschwiler Tormaschine.<\/p>\n\n\n\n<p id=\"id-doc-1g2h0k3f80\">Der Jubel war kaum verhallt, da lagen die Appenzeller durch das zweite Tor von Baumann wieder vorne. Auf das 3:2 wussten die B\u00fctschwiler aber keine Antwort mehr.<\/p>\n","protected":false},"excerpt":{"rendered":"<p>2:3-Heimniederlage gegen Appenzell: Die Batterien der B\u00fctschwiler Spieler waren leer Nach zuletzt zwei Dreiern fehlte den Akteuren des Toggenburger Drittligisten am Samstag die Kraft, um eine Woche mit dem dritten Sieg innert acht Tagen perfekt abschliessen zu k\u00f6nnen. Es h\u00e4tte eine perfekte Woche f\u00fcr die B\u00fctschwiler werden k\u00f6nnen. Nach dem 2:0-Sieg am Sonntag in Rorschacherberg&hellip;&nbsp;<a href=\"https:\/\/fcbuetschwil.ch\/neu\/matchbericht-herren-1-vs-fc-appenzell\/\" class=\"\" rel=\"bookmark\">Weiterlesen &raquo;<span class=\"screen-reader-text\">Matchbericht Herren 1 vs. FC Appenzell<\/span><\/a><\/p>\n","protected":false},"author":6,"featured_media":3737,"comment_status":"open","ping_status":"open","sticky":false,"template":"","format":"standard","meta":{"inline_featured_image":false,"_mi_skip_tracking":false,"kia_subtitle":"","neve_meta_sidebar":"","neve_meta_container":"","neve_meta_enable_content_width":"","neve_meta_content_width":0,"neve_meta_title_alignment":"","neve_meta_author_avatar":"","neve_post_elements_order":"","neve_meta_disable_header":"","neve_meta_disable_footer":"","neve_meta_disable_title":""},"categories":[2],"tags":[],"_links":{"self":[{"href":"https:\/\/fcbuetschwil.ch\/neu\/wp-json\/wp\/v2\/posts\/3736"}],"collection":[{"href":"https:\/\/fcbuetschwil.ch\/neu\/wp-json\/wp\/v2\/posts"}],"about":[{"href":"https:\/\/fcbuetschwil.ch\/neu\/wp-json\/wp\/v2\/types\/post"}],"author":[{"embeddable":true,"href":"https:\/\/fcbuetschwil.ch\/neu\/wp-json\/wp\/v2\/users\/6"}],"replies":[{"embeddable":true,"href":"https:\/\/fcbuetschwil.ch\/neu\/wp-json\/wp\/v2\/comments?post=3736"}],"version-history":[{"count":1,"href":"https:\/\/fcbuetschwil.ch\/neu\/wp-json\/wp\/v2\/posts\/3736\/revisions"}],"predecessor-version":[{"id":3738,"href":"https:\/\/fcbuetschwil.ch\/neu\/wp-json\/wp\/v2\/posts\/3736\/revisions\/3738"}],"wp:featuredmedia":[{"embeddable":true,"href":"https:\/\/fcbuetschwil.ch\/neu\/wp-json\/wp\/v2\/media\/3737"}],"wp:attachment":[{"href":"https:\/\/fcbuetschwil.ch\/neu\/wp-json\/wp\/v2\/media?parent=3736"}],"wp:term":[{"taxonomy":"category","embeddable":true,"href":"https:\/\/fcbuetschwil.ch\/neu\/wp-json\/wp\/v2\/categories?post=3736"},{"taxonomy":"post_tag","embeddable":true,"href":"https:\/\/fcbuetschwil.ch\/neu\/wp-json\/wp\/v2\/tags?post=3736"}],"curies":[{"name":"wp","href":"https:\/\/api.w.org\/{rel}","templated":true}]}}