{"id":3442,"date":"2022-02-25T13:35:26","date_gmt":"2022-02-25T11:35:26","guid":{"rendered":"https:\/\/fcbuetschwil.ch\/neu\/?p=3442"},"modified":"2022-03-13T19:14:12","modified_gmt":"2022-03-13T17:14:12","slug":"71-hauptversammlung","status":"publish","type":"post","link":"https:\/\/fcbuetschwil.ch\/neu\/71-hauptversammlung\/","title":{"rendered":"71. Hauptversammlung"},"content":{"rendered":"\n<p>Unten findet ihr die Einladung zur &nbsp;71. Hauptversammlung des FC B\u00fctschwil vom&nbsp;<strong>18. M\u00e4rz 2022<\/strong>&nbsp;um&nbsp;<strong>19.30 Uhr<\/strong>&nbsp;in der Krone, Mosnang.<\/p>\n\n\n\n<p>Ebenfalls erh\u00e4lt ihr das Protokoll der letzten Hauptversammlung und die Traktandenliste der Supportervereinigung.<\/p>\n\n\n\n<p>Die Teilnahme an der Hauptversammlung ist f\u00fcr ALLE Mitglieder ab 16 Jahren obligatorisch. Deshalb bitte ich euch, allf\u00e4llige Abwesenheiten bis sp\u00e4testens Mittwoch, 16. M\u00e4rz 2022 mir zu melden.<\/p>\n\n\n\n<p>Sportliche Gr\u00fcsse<\/p>\n\n\n\n<div style=\"height:8px\" aria-hidden=\"true\" class=\"wp-block-spacer\"><\/div>\n\n\n\n<p>Aktuarin FC B\u00fctschwil<br>Anna Meier<br><a rel=\"noreferrer noopener\" href=\"mailto:aktuar@fcbuetschwil.ch\" target=\"_blank\">aktuar@fcbuetschwil.ch<\/a><br>Tel. 079&nbsp;428 02 92<\/p>\n\n\n\n<div style=\"height:18px\" aria-hidden=\"true\" class=\"wp-block-spacer\"><\/div>\n\n\n\n<div class=\"wp-block-file\"><object class=\"wp-block-file__embed\" data=\"https:\/\/fcbuetschwil.ch\/neu\/wp-content\/uploads\/2022\/02\/HV-Einladung-2022.pdf\" type=\"application\/pdf\" style=\"width:100%;height:600px\" aria-label=\"Einbettung von HV-Einladung-2022.\"><\/object><a href=\"https:\/\/fcbuetschwil.ch\/neu\/wp-content\/uploads\/2022\/02\/HV-Einladung-2022.pdf\">HV-Einladung-2022<\/a><a href=\"https:\/\/fcbuetschwil.ch\/neu\/wp-content\/uploads\/2022\/02\/HV-Einladung-2022.pdf\" class=\"wp-block-file__button\" download>Herunterladen<\/a><\/div>\n\n\n\n<div class=\"wp-block-file\"><object class=\"wp-block-file__embed\" data=\"https:\/\/fcbuetschwil.ch\/neu\/wp-content\/uploads\/2022\/02\/70.-HV-FC-Buetschwil.pdf\" type=\"application\/pdf\" style=\"width:100%;height:600px\" aria-label=\"Einbettung von 70.-HV-FC-Buetschwil.\"><\/object><a href=\"https:\/\/fcbuetschwil.ch\/neu\/wp-content\/uploads\/2022\/02\/70.-HV-FC-Buetschwil.pdf\">70.-HV-FC-Buetschwil<\/a><a href=\"https:\/\/fcbuetschwil.ch\/neu\/wp-content\/uploads\/2022\/02\/70.-HV-FC-Buetschwil.pdf\" class=\"wp-block-file__button\" download>Herunterladen<\/a><\/div>\n\n\n\n<div class=\"wp-block-file\"><object class=\"wp-block-file__embed\" data=\"https:\/\/fcbuetschwil.ch\/neu\/wp-content\/uploads\/2022\/03\/Supportervereinigung-Traktandenliste-2022.pdf\" type=\"application\/pdf\" style=\"width:100%;height:600px\" aria-label=\"Einbettung von Supportervereinigung-Traktandenliste-2022.\"><\/object><a href=\"https:\/\/fcbuetschwil.ch\/neu\/wp-content\/uploads\/2022\/03\/Supportervereinigung-Traktandenliste-2022.pdf\">Supportervereinigung-Traktandenliste-2022<\/a><a href=\"https:\/\/fcbuetschwil.ch\/neu\/wp-content\/uploads\/2022\/03\/Supportervereinigung-Traktandenliste-2022.pdf\" class=\"wp-block-file__button\" download>Herunterladen<\/a><\/div>\n\n\n\n<p><\/p>\n","protected":false},"excerpt":{"rendered":"<p>Unten findet ihr die Einladung zur &nbsp;71. Hauptversammlung des FC B\u00fctschwil vom&nbsp;18. M\u00e4rz 2022&nbsp;um&nbsp;19.30 Uhr&nbsp;in der Krone, Mosnang. Ebenfalls erh\u00e4lt ihr das Protokoll der letzten Hauptversammlung und die Traktandenliste der Supportervereinigung. Die Teilnahme an der Hauptversammlung ist f\u00fcr ALLE Mitglieder ab 16 Jahren obligatorisch. Deshalb bitte ich euch, allf\u00e4llige Abwesenheiten bis sp\u00e4testens Mittwoch, 16. M\u00e4rz&hellip;&nbsp;<a href=\"https:\/\/fcbuetschwil.ch\/neu\/71-hauptversammlung\/\" class=\"\" rel=\"bookmark\">Weiterlesen &raquo;<span class=\"screen-reader-text\">71. Hauptversammlung<\/span><\/a><\/p>\n","protected":false},"author":1,"featured_media":1632,"comment_status":"open","ping_status":"open","sticky":false,"template":"","format":"standard","meta":{"inline_featured_image":false,"_mi_skip_tracking":false,"kia_subtitle":"Liebe Mitglieder des FC B\u00fctschwil","neve_meta_sidebar":"","neve_meta_container":"","neve_meta_enable_content_width":"","neve_meta_content_width":0,"neve_meta_title_alignment":"","neve_meta_author_avatar":"","neve_post_elements_order":"","neve_meta_disable_header":"","neve_meta_disable_footer":"","neve_meta_disable_title":""},"categories":[34],"tags":[],"_links":{"self":[{"href":"https:\/\/fcbuetschwil.ch\/neu\/wp-json\/wp\/v2\/posts\/3442"}],"collection":[{"href":"https:\/\/fcbuetschwil.ch\/neu\/wp-json\/wp\/v2\/posts"}],"about":[{"href":"https:\/\/fcbuetschwil.ch\/neu\/wp-json\/wp\/v2\/types\/post"}],"author":[{"embeddable":true,"href":"https:\/\/fcbuetschwil.ch\/neu\/wp-json\/wp\/v2\/users\/1"}],"replies":[{"embeddable":true,"href":"https:\/\/fcbuetschwil.ch\/neu\/wp-json\/wp\/v2\/comments?post=3442"}],"version-history":[{"count":14,"href":"https:\/\/fcbuetschwil.ch\/neu\/wp-json\/wp\/v2\/posts\/3442\/revisions"}],"predecessor-version":[{"id":3472,"href":"https:\/\/fcbuetschwil.ch\/neu\/wp-json\/wp\/v2\/posts\/3442\/revisions\/3472"}],"wp:featuredmedia":[{"embeddable":true,"href":"https:\/\/fcbuetschwil.ch\/neu\/wp-json\/wp\/v2\/media\/1632"}],"wp:attachment":[{"href":"https:\/\/fcbuetschwil.ch\/neu\/wp-json\/wp\/v2\/media?parent=3442"}],"wp:term":[{"taxonomy":"category","embeddable":true,"href":"https:\/\/fcbuetschwil.ch\/neu\/wp-json\/wp\/v2\/categories?post=3442"},{"taxonomy":"post_tag","embeddable":true,"href":"https:\/\/fcbuetschwil.ch\/neu\/wp-json\/wp\/v2\/tags?post=3442"}],"curies":[{"name":"wp","href":"https:\/\/api.w.org\/{rel}","templated":true}]}}