{"id":3040,"date":"2021-10-22T15:40:00","date_gmt":"2021-10-22T13:40:00","guid":{"rendered":"https:\/\/fcbuetschwil.ch\/neu\/?p=3040"},"modified":"2023-03-01T23:23:05","modified_gmt":"2023-03-01T21:23:05","slug":"gruppensieg-fuer-die-ff12-toggenburg-grp","status":"publish","type":"post","link":"https:\/\/fcbuetschwil.ch\/neu\/gruppensieg-fuer-die-ff12-toggenburg-grp\/","title":{"rendered":"Gruppensieg f\u00fcr die FF12 Toggenburg Grp.!"},"content":{"rendered":"\n<p>Die Juniorinnen FF12 des FC B\u00fctschwil und des FC Ebnat-Kappel unterwegs als FF Toggenburg Grp. erspielen sich in der Herbstrunde den Sieg in der Gruppe 2 in der j\u00fcngsten M\u00e4dchenkategorie des OFV. Herzlichen Gl\u00fcckwunsch dem ganzen Team zu dieser tollen Leistung! Die Mannschaft erspielte sich in den sieben Begegnungen sechs Siege und ging nur einmal als Verlierer vom Platz. Die M\u00e4dchen schossen in der Meisterschaft Total sagenhafte 68 Tore. In der Kategorie FF12 messen sich die Jahrg\u00e4nge 2010 bis 2013 w\u00f6chentlich in einem Spiel, welches jeweils dreimal 20 Minuten dauert. Die Gegnerinnen hiessen unteranderem Frauenfeld, Gossau, B\u00fchler und Ruggell, also aus allen Richtungen der Ostschweiz. Die Spiele finden in der Regel je zur H\u00e4lfte ausw\u00e4rts sowie zu Hause in Ebnat-Kappel und B\u00fctschwil statt. Im letzten Spiel der Herbstrunde stand die FF12 Toggenburg ausw\u00e4rts in Gossau im Einsatz. Die M\u00e4dchen wurden nochmals so richtig gefordert, sie hielten dem Druck aber mit Bravur stand und gewannen zum Schluss verdient mit 6 zu 3 Toren. Somit konnte der Gruppensieg mit 3 Punkten Vorsprung geb\u00fchrend gefeiert werden. Ein herzliches Dankesch\u00f6n gilt auch den zahlreichen Eltern und Bekannten, die das Team immer wieder lautstark unterst\u00fctzen. Bevor es dann im April wieder auf dem gr\u00fcnen Rasen weitergeht, beginnt nun n\u00e4chstens die lange Winterzeit in der Turnhalle.<\/p>\n\n\n\n<p>F\u00fcr die FF12 Toggenburg spielten in der Herbstrunde: Lina, Jael, Zoey, Lina, Carla, Nia, Sarah, Leana, Phila, Shania, Dana, Marlen, Lea, Ronja, Sinja, Aurela, Elsa, Arjona und Cheryl<\/p>\n\n\n\n<figure class=\"wp-container-2 wp-block-gallery-1 wp-block-gallery has-nested-images columns-default is-cropped\">\n<figure class=\"wp-block-image size-large\"><img loading=\"lazy\" width=\"1024\" height=\"768\" data-id=\"3043\"  src=\"https:\/\/fcbuetschwil.ch\/neu\/wp-content\/uploads\/2021\/11\/FF12-1-1024x768-1.jpg\" alt=\"\" class=\"wp-image-3043\" srcset=\"https:\/\/fcbuetschwil.ch\/neu\/wp-content\/uploads\/2021\/11\/FF12-1-1024x768-1.jpg 1024w, https:\/\/fcbuetschwil.ch\/neu\/wp-content\/uploads\/2021\/11\/FF12-1-1024x768-1-300x225.jpg 300w, https:\/\/fcbuetschwil.ch\/neu\/wp-content\/uploads\/2021\/11\/FF12-1-1024x768-1-768x576.jpg 768w\" sizes=\"(max-width: 1024px) 100vw, 1024px\" \/><\/figure>\n\n\n\n<figure class=\"wp-block-image size-large\"><img loading=\"lazy\" width=\"1024\" height=\"768\" data-id=\"3042\"  src=\"https:\/\/fcbuetschwil.ch\/neu\/wp-content\/uploads\/2021\/11\/FF12-2-1024x768-1.jpg\" alt=\"\" class=\"wp-image-3042\" srcset=\"https:\/\/fcbuetschwil.ch\/neu\/wp-content\/uploads\/2021\/11\/FF12-2-1024x768-1.jpg 1024w, https:\/\/fcbuetschwil.ch\/neu\/wp-content\/uploads\/2021\/11\/FF12-2-1024x768-1-300x225.jpg 300w, https:\/\/fcbuetschwil.ch\/neu\/wp-content\/uploads\/2021\/11\/FF12-2-1024x768-1-768x576.jpg 768w\" sizes=\"(max-width: 1024px) 100vw, 1024px\" \/><\/figure>\n\n\n\n<figure class=\"wp-block-image size-large\"><img loading=\"lazy\" width=\"1024\" height=\"768\" data-id=\"3041\"  src=\"https:\/\/fcbuetschwil.ch\/neu\/wp-content\/uploads\/2021\/11\/FF12-3-1024x768-1.jpg\" alt=\"\" class=\"wp-image-3041\" srcset=\"https:\/\/fcbuetschwil.ch\/neu\/wp-content\/uploads\/2021\/11\/FF12-3-1024x768-1.jpg 1024w, https:\/\/fcbuetschwil.ch\/neu\/wp-content\/uploads\/2021\/11\/FF12-3-1024x768-1-300x225.jpg 300w, https:\/\/fcbuetschwil.ch\/neu\/wp-content\/uploads\/2021\/11\/FF12-3-1024x768-1-768x576.jpg 768w\" sizes=\"(max-width: 1024px) 100vw, 1024px\" \/><\/figure>\n<\/figure>\n","protected":false},"excerpt":{"rendered":"<p>Die Juniorinnen FF12 des FC B\u00fctschwil und des FC Ebnat-Kappel unterwegs als FF Toggenburg Grp. erspielen sich in der Herbstrunde den Sieg in der Gruppe 2 in der j\u00fcngsten M\u00e4dchenkategorie des OFV. Herzlichen Gl\u00fcckwunsch dem ganzen Team zu dieser tollen Leistung! Die Mannschaft erspielte sich in den sieben Begegnungen sechs Siege und ging nur einmal&hellip;&nbsp;<a href=\"https:\/\/fcbuetschwil.ch\/neu\/gruppensieg-fuer-die-ff12-toggenburg-grp\/\" class=\"\" rel=\"bookmark\">Weiterlesen &raquo;<span class=\"screen-reader-text\">Gruppensieg f\u00fcr die FF12 Toggenburg Grp.!<\/span><\/a><\/p>\n","protected":false},"author":2,"featured_media":3043,"comment_status":"open","ping_status":"open","sticky":false,"template":"","format":"standard","meta":{"inline_featured_image":false,"_mi_skip_tracking":false,"kia_subtitle":"","neve_meta_sidebar":"","neve_meta_container":"","neve_meta_enable_content_width":"","neve_meta_content_width":0,"neve_meta_title_alignment":"","neve_meta_author_avatar":"","neve_post_elements_order":"","neve_meta_disable_header":"","neve_meta_disable_footer":"","neve_meta_disable_title":""},"categories":[34],"tags":[],"_links":{"self":[{"href":"https:\/\/fcbuetschwil.ch\/neu\/wp-json\/wp\/v2\/posts\/3040"}],"collection":[{"href":"https:\/\/fcbuetschwil.ch\/neu\/wp-json\/wp\/v2\/posts"}],"about":[{"href":"https:\/\/fcbuetschwil.ch\/neu\/wp-json\/wp\/v2\/types\/post"}],"author":[{"embeddable":true,"href":"https:\/\/fcbuetschwil.ch\/neu\/wp-json\/wp\/v2\/users\/2"}],"replies":[{"embeddable":true,"href":"https:\/\/fcbuetschwil.ch\/neu\/wp-json\/wp\/v2\/comments?post=3040"}],"version-history":[{"count":2,"href":"https:\/\/fcbuetschwil.ch\/neu\/wp-json\/wp\/v2\/posts\/3040\/revisions"}],"predecessor-version":[{"id":5042,"href":"https:\/\/fcbuetschwil.ch\/neu\/wp-json\/wp\/v2\/posts\/3040\/revisions\/5042"}],"wp:featuredmedia":[{"embeddable":true,"href":"https:\/\/fcbuetschwil.ch\/neu\/wp-json\/wp\/v2\/media\/3043"}],"wp:attachment":[{"href":"https:\/\/fcbuetschwil.ch\/neu\/wp-json\/wp\/v2\/media?parent=3040"}],"wp:term":[{"taxonomy":"category","embeddable":true,"href":"https:\/\/fcbuetschwil.ch\/neu\/wp-json\/wp\/v2\/categories?post=3040"},{"taxonomy":"post_tag","embeddable":true,"href":"https:\/\/fcbuetschwil.ch\/neu\/wp-json\/wp\/v2\/tags?post=3040"}],"curies":[{"name":"wp","href":"https:\/\/api.w.org\/{rel}","templated":true}]}}