{"id":2092,"date":"2021-10-18T07:52:00","date_gmt":"2021-10-18T05:52:00","guid":{"rendered":"https:\/\/fcbuetschwil.ch\/neu\/?p=2092"},"modified":"2021-10-23T14:23:04","modified_gmt":"2021-10-23T12:23:04","slug":"matchbericht-herren-1-vs-fc-rorschach-goldach-17-2","status":"publish","type":"post","link":"https:\/\/fcbuetschwil.ch\/neu\/matchbericht-herren-1-vs-fc-rorschach-goldach-17-2\/","title":{"rendered":"Matchbericht Herren 1 vs FC Rorschach-Goldach 17 2"},"content":{"rendered":"\n<p><a rel=\"noreferrer noopener\" href=\"https:\/\/www.tagblatt.ch\/ostschweiz\/toggenburg\/regionalfussball-drittligist-buetschwil-schafft-in-der-achten-runde-den-vierten-saisonsieg-und-klettert-in-der-tabelle-weiter-nach-oben-ld.2202717?fbclid=IwAR3MjpZ8bY1isy_fnwO5saYZS2oXP8_ZgZvHTw2-kixBChnEdxZK1jH76tg\" target=\"_blank\">https:\/\/www.tagblatt.ch\/&#8230;\/regionalfussball-drittligist&#8230;<\/a><br>Bericht &amp; Foto: Beat Lanzendorfer<\/p>\n\n\n\n<p>Der Aufsteiger aus dem Toggenburg mischt die 3. Liga geh\u00f6rig durcheinander und feiert gegen Rorschach-Goldach 2 einen nie gef\u00e4hrdeten 6:1-Sieg.<\/p>\n\n\n\n<p>Aufsteiger B\u00fctschwil sorgt in der 3. Liga weiterhin f\u00fcr Furore und hat nach dem klaren 6:1-Erfolg ausw\u00e4rts bei Rorschach-Goldach 2 definitiv den Vorstoss ins erweiterte Spitzenfeld geschafft.<\/p>\n\n\n\n<p>Trainer Ruedi Eisenhut f\u00fchrt das derzeitige Hoch auf die Geschlossenheit in der Mannschaft zur\u00fcck, in der die Auswechselspieler genauso wichtig seien als jene, die zu Beginn auf dem Spielfeld stehen. \u00abIch habe der Mannschaft nach dem Abpfiff gesagt, dass wir nach den Auswechslungen fast besser gespielt haben als zu Beginn.\u00bb Die Mannschaft sei derzeit so eng zusammen, wie er es noch selten erlebt habe.<\/p>\n\n\n\n<p>\u00abEs gibt keinen Unterschied zwischen der Startelf und den Reservespielern.\u00bb<\/p>\n\n\n\n<p>Tats\u00e4chlich war keine Differenz feststellbar, obwohl Eisenhut im Verlauf des Spiels f\u00fcnf neuen Kr\u00e4ften das Vertrauen schenkte. Stellvertretend daf\u00fcr Dino Kolb. Er dr\u00fcckte nach seiner Einwechslung von der ersten Sekunde an aufs Vollgas, gab keinen Ball verloren und kr\u00f6nte seinen Kampf mit einem Tor.<\/p>\n\n\n\n<p>Captain F\u00e4h schiesst das Tor des Tages<br><br>Eine spezielle Geschichte schreibt zurzeit auch Captain Daniel F\u00e4h. Sein Fallr\u00fcckzieher, der zum 1:0 f\u00fchrte, war bereits sein achter Saisontreffer. Er war nicht nur wichtig, sondern auch besonders sch\u00f6n. Ob er sich entsinnen k\u00f6nne, schon einmal ein \u00e4hnliches Tor erzielt zu haben? \u00abIch erinnere mich an Tore gegen Kirchberg und Henau, die waren durchaus auch sehenswert, das ist allerdings Jahre her\u00bb, sagte er lachend.<\/p>\n\n\n\n<p>Nach F\u00e4hs F\u00fchrung nach vier Minuten b\u00e4umte sich der Gastgeber noch einmal auf und kam durch Santamaria zum Ausgleich. Kurz darauf war es G\u00fcbeli, der nach einem Birchler-Eckball die G\u00e4ste mit einem Kopfball wieder in F\u00fchrung brachte. Dabei blieb es bis zur Halbzeit.<\/p>\n\n\n\n<p>David Birchler war der Beste<\/p>\n\n\n\n<p>Nach Wiederbeginn spielte eigentlich nur noch eine Mannschaft: die G\u00e4ste aus dem Toggenburg. Die Tore von Gajic, zweimal Birchler und Kolb waren die logische Folge der \u00dcberlegenheit. Obwohl Trainer Eisenhut die Mannschaft als Einheit hervorhob, haben zwei Akteure ein Sonderlob verdient.<br>Ziko Gajic, in der vergangenen Spielzeit Torsch\u00fctze vom Dienst, holte sich mit seinem ersten Saisontor abhandengekommenes Selbstvertrauen zur\u00fcck. \u00dcber solches verf\u00fcgt David Birchler zurzeit im \u00dcbermass. Der 19-J\u00e4hrige schoss zwei Tore selber und hatte bei zwei weiteren die F\u00fcsse im Spiel \u2013 herausragend.<\/p>\n\n\n\n<figure class=\"wp-container-2 wp-block-gallery-1 wp-block-gallery columns-3 is-cropped\"><ul class=\"blocks-gallery-grid\"><li class=\"blocks-gallery-item\"><figure><img loading=\"lazy\" width=\"960\" height=\"782\" src=\"https:\/\/fcbuetschwil.ch\/neu\/wp-content\/uploads\/2021\/10\/247197909_2305702876227866_8492347209551992685_n.jpg\" alt=\"\" data-id=\"2096\" data-full-url=\"https:\/\/fcbuetschwil.ch\/neu\/wp-content\/uploads\/2021\/10\/247197909_2305702876227866_8492347209551992685_n.jpg\" data-link=\"https:\/\/fcbuetschwil.ch\/neu\/?attachment_id=2096\" class=\"wp-image-2096\" srcset=\"https:\/\/fcbuetschwil.ch\/neu\/wp-content\/uploads\/2021\/10\/247197909_2305702876227866_8492347209551992685_n.jpg 960w, https:\/\/fcbuetschwil.ch\/neu\/wp-content\/uploads\/2021\/10\/247197909_2305702876227866_8492347209551992685_n-300x244.jpg 300w, https:\/\/fcbuetschwil.ch\/neu\/wp-content\/uploads\/2021\/10\/247197909_2305702876227866_8492347209551992685_n-768x626.jpg 768w\" sizes=\"(max-width: 960px) 100vw, 960px\" \/><\/figure><\/li><li class=\"blocks-gallery-item\"><figure><img loading=\"lazy\" width=\"960\" height=\"846\" src=\"https:\/\/fcbuetschwil.ch\/neu\/wp-content\/uploads\/2021\/10\/246815400_2305702949561192_5778190824279477190_n.jpg\" alt=\"\" data-id=\"2095\" data-full-url=\"https:\/\/fcbuetschwil.ch\/neu\/wp-content\/uploads\/2021\/10\/246815400_2305702949561192_5778190824279477190_n.jpg\" data-link=\"https:\/\/fcbuetschwil.ch\/neu\/?attachment_id=2095\" class=\"wp-image-2095\" srcset=\"https:\/\/fcbuetschwil.ch\/neu\/wp-content\/uploads\/2021\/10\/246815400_2305702949561192_5778190824279477190_n.jpg 960w, https:\/\/fcbuetschwil.ch\/neu\/wp-content\/uploads\/2021\/10\/246815400_2305702949561192_5778190824279477190_n-300x264.jpg 300w, https:\/\/fcbuetschwil.ch\/neu\/wp-content\/uploads\/2021\/10\/246815400_2305702949561192_5778190824279477190_n-768x677.jpg 768w\" sizes=\"(max-width: 960px) 100vw, 960px\" \/><\/figure><\/li><li class=\"blocks-gallery-item\"><figure><img loading=\"lazy\" width=\"960\" height=\"818\" src=\"https:\/\/fcbuetschwil.ch\/neu\/wp-content\/uploads\/2021\/10\/246332816_2305702909561196_3516208380460708574_n.jpg\" alt=\"\" data-id=\"2094\" data-full-url=\"https:\/\/fcbuetschwil.ch\/neu\/wp-content\/uploads\/2021\/10\/246332816_2305702909561196_3516208380460708574_n.jpg\" data-link=\"https:\/\/fcbuetschwil.ch\/neu\/?attachment_id=2094\" class=\"wp-image-2094\" srcset=\"https:\/\/fcbuetschwil.ch\/neu\/wp-content\/uploads\/2021\/10\/246332816_2305702909561196_3516208380460708574_n.jpg 960w, https:\/\/fcbuetschwil.ch\/neu\/wp-content\/uploads\/2021\/10\/246332816_2305702909561196_3516208380460708574_n-300x256.jpg 300w, https:\/\/fcbuetschwil.ch\/neu\/wp-content\/uploads\/2021\/10\/246332816_2305702909561196_3516208380460708574_n-768x654.jpg 768w\" sizes=\"(max-width: 960px) 100vw, 960px\" \/><\/figure><\/li><\/ul><\/figure>\n","protected":false},"excerpt":{"rendered":"<p>https:\/\/www.tagblatt.ch\/&#8230;\/regionalfussball-drittligist&#8230;Bericht &amp; Foto: Beat Lanzendorfer Der Aufsteiger aus dem Toggenburg mischt die 3. Liga geh\u00f6rig durcheinander und feiert gegen Rorschach-Goldach 2 einen nie gef\u00e4hrdeten 6:1-Sieg. Aufsteiger B\u00fctschwil sorgt in der 3. Liga weiterhin f\u00fcr Furore und hat nach dem klaren 6:1-Erfolg ausw\u00e4rts bei Rorschach-Goldach 2 definitiv den Vorstoss ins erweiterte Spitzenfeld geschafft. Trainer Ruedi Eisenhut&hellip;&nbsp;<a href=\"https:\/\/fcbuetschwil.ch\/neu\/matchbericht-herren-1-vs-fc-rorschach-goldach-17-2\/\" class=\"\" rel=\"bookmark\">Weiterlesen &raquo;<span class=\"screen-reader-text\">Matchbericht Herren 1 vs FC Rorschach-Goldach 17 2<\/span><\/a><\/p>\n","protected":false},"author":2,"featured_media":2093,"comment_status":"open","ping_status":"open","sticky":false,"template":"","format":"standard","meta":{"inline_featured_image":false,"_mi_skip_tracking":false,"kia_subtitle":"Vierter Sieg In Der Achten Runde: Drittligist B\u00fctschwil Klettert In Der Tabelle Weiter Nach Oben","neve_meta_sidebar":"","neve_meta_container":"","neve_meta_enable_content_width":"","neve_meta_content_width":0,"neve_meta_title_alignment":"","neve_meta_author_avatar":"","neve_post_elements_order":"","neve_meta_disable_header":"","neve_meta_disable_footer":"","neve_meta_disable_title":""},"categories":[2],"tags":[],"_links":{"self":[{"href":"https:\/\/fcbuetschwil.ch\/neu\/wp-json\/wp\/v2\/posts\/2092"}],"collection":[{"href":"https:\/\/fcbuetschwil.ch\/neu\/wp-json\/wp\/v2\/posts"}],"about":[{"href":"https:\/\/fcbuetschwil.ch\/neu\/wp-json\/wp\/v2\/types\/post"}],"author":[{"embeddable":true,"href":"https:\/\/fcbuetschwil.ch\/neu\/wp-json\/wp\/v2\/users\/2"}],"replies":[{"embeddable":true,"href":"https:\/\/fcbuetschwil.ch\/neu\/wp-json\/wp\/v2\/comments?post=2092"}],"version-history":[{"count":4,"href":"https:\/\/fcbuetschwil.ch\/neu\/wp-json\/wp\/v2\/posts\/2092\/revisions"}],"predecessor-version":[{"id":2136,"href":"https:\/\/fcbuetschwil.ch\/neu\/wp-json\/wp\/v2\/posts\/2092\/revisions\/2136"}],"wp:featuredmedia":[{"embeddable":true,"href":"https:\/\/fcbuetschwil.ch\/neu\/wp-json\/wp\/v2\/media\/2093"}],"wp:attachment":[{"href":"https:\/\/fcbuetschwil.ch\/neu\/wp-json\/wp\/v2\/media?parent=2092"}],"wp:term":[{"taxonomy":"category","embeddable":true,"href":"https:\/\/fcbuetschwil.ch\/neu\/wp-json\/wp\/v2\/categories?post=2092"},{"taxonomy":"post_tag","embeddable":true,"href":"https:\/\/fcbuetschwil.ch\/neu\/wp-json\/wp\/v2\/tags?post=2092"}],"curies":[{"name":"wp","href":"https:\/\/api.w.org\/{rel}","templated":true}]}}