{"id":2081,"date":"2021-10-18T07:39:00","date_gmt":"2021-10-18T05:39:00","guid":{"rendered":"https:\/\/fcbuetschwil.ch\/neu\/?p=2081"},"modified":"2021-10-26T09:34:16","modified_gmt":"2021-10-26T07:34:16","slug":"matchbericht-damen-1-vs-fc-ems-1-grp","status":"publish","type":"post","link":"https:\/\/fcbuetschwil.ch\/neu\/matchbericht-damen-1-vs-fc-ems-1-grp\/","title":{"rendered":"Matchbericht Damen 1 vs FC Ems 1 Grp."},"content":{"rendered":"\n<p>Die 2.-Liga-Frauen aus B\u00fctschwil werden ihren Anspr\u00fcchen nach dem durchzogenen Saisonstart langsam gerecht und verbessern sich nach dem deutlichen Erfolg gegen Ems auf den f\u00fcnften Tabellenplatz.<\/p>\n\n\n\n<p>Originalbericht: <a rel=\"noreferrer noopener\" href=\"https:\/\/www.tagblatt.ch\/ostschweiz\/toggenburg\/regionalfussball-die-buetschwiler-frauen-liefern-eine-starke-vorstellung-ab-und-besiegen-tabellennachbar-ems-mit-51-ld.2202342?fbclid=IwAR1o5VYCmKYOdfPjGImm_J5mMn_zvH_v9fnZxzqN9DizTfBY4jJetFaafds\" target=\"_blank\">https:\/\/www.tagblatt.ch\/&#8230;\/regionalfussball-die&#8230;<\/a><br>Autor &amp; Bild: Beat Lanzendorfer<\/p>\n\n\n\n<p>Vor dem Spiel h\u00e4tte man aufgrund der Tabellenlage eine enge Angelegenheit erwarten d\u00fcrfen. Es kam anders. Die B\u00fctschwiler Frauen haben sich den Sieg mit vier Toren Differenz aufgrund einer stetigen Leistungssteigerung verdient.<\/p>\n\n\n\n<p>Zu Beginn h\u00e4tte der Vergleich n\u00e4mlich in eine andere Richtung verlaufen k\u00f6nnen. Dessen war sich B\u00fctschwil-Trainer Stefan Scherrer durchaus bewusst. \u00abWir beanspruchten etwas Gl\u00fcck, denn beim Stande von 0:0 hatte der Gegner einen Lattenschuss\u00bb. Sp\u00e4ter, als die Einheimischen mit 1:0 f\u00fchrten, kam ein zweiter Lattentreffer der Emserinnen hinzu.<\/p>\n\n\n\n<p>Der Trainer kommt ins Schw\u00e4rmenDas was Scherrer in der Folge zu sehen bekam, dar\u00fcber kam er nach Spielschluss richtiggehend ins Schw\u00e4rmen: \u00abK\u00e4mpferisch und einsatzm\u00e4ssig war das heute absolut top, es war eine starke Reaktion im Vergleich zum letzten Spiel.\u00bb<\/p>\n\n\n\n<p>Nach Oberholzers F\u00fchrungstreffer folgte in der 27. und 28. Minute ein Doppelschlag von Diana Br\u00e4ndle und Corinna Hasler. Kurz nach Wiederbeginn gelang den B\u00fcndnerinnen der Anschlusstreffer. Eine weitere Reaktion blieb allerdings aus. Im Gegenteil: B\u00fctschwil legte noch eine Schippe drauf und durfte dank Melanie Thalmann und Nicole Scherrer noch zweimal jubeln.Was Trainer Scherrer speziell hervorhebt: \u00abDie jungen Spielerinnen finden sich immer besser zurecht, das macht Freude und verspricht einiges f\u00fcr die Zukunft.\u00bb<\/p>\n\n\n\n<p>Matchtelegramm Frauen 2. Liga<br>FC B\u00fctschwil \u2013 FC Ems 5:1 (3:0)<br>Sportplatz Breite, 40 Zuschauer, Tore: 4. Oberholzer, 27. Hasler, 27. D. Br\u00e4ndle, 49. FC Ems, 77. Thalmann, 80. Scherrer.<br>FC B\u00fctschwil: Clerc, Helbling, Heeb, M. Br\u00e4ndle, Gm\u00fcr; D. Br\u00e4ndle, G\u00fcbeli, Schnyder, Oberholzer; Werder, Hasler (Ersatz: Kern, M\u00fcnger, Thalmann, Scherrer).<\/p>\n\n\n\n<figure class=\"wp-container-2 wp-block-gallery-1 wp-block-gallery columns-3 is-cropped\"><ul class=\"blocks-gallery-grid\"><li class=\"blocks-gallery-item\"><figure><img loading=\"lazy\" width=\"828\" height=\"636\" src=\"https:\/\/fcbuetschwil.ch\/neu\/wp-content\/uploads\/2021\/10\/246381785_2305696726228481_296189308369860051_n.jpg\" alt=\"\" data-id=\"2084\" data-full-url=\"https:\/\/fcbuetschwil.ch\/neu\/wp-content\/uploads\/2021\/10\/246381785_2305696726228481_296189308369860051_n.jpg\" data-link=\"https:\/\/fcbuetschwil.ch\/neu\/?attachment_id=2084\" class=\"wp-image-2084\" srcset=\"https:\/\/fcbuetschwil.ch\/neu\/wp-content\/uploads\/2021\/10\/246381785_2305696726228481_296189308369860051_n.jpg 828w, https:\/\/fcbuetschwil.ch\/neu\/wp-content\/uploads\/2021\/10\/246381785_2305696726228481_296189308369860051_n-300x230.jpg 300w, https:\/\/fcbuetschwil.ch\/neu\/wp-content\/uploads\/2021\/10\/246381785_2305696726228481_296189308369860051_n-768x590.jpg 768w\" sizes=\"(max-width: 828px) 100vw, 828px\" \/><\/figure><\/li><li class=\"blocks-gallery-item\"><figure><img loading=\"lazy\" width=\"828\" height=\"731\" src=\"https:\/\/fcbuetschwil.ch\/neu\/wp-content\/uploads\/2021\/10\/246722531_2305696792895141_1742533900388017792_n.jpg\" alt=\"\" data-id=\"2083\" data-full-url=\"https:\/\/fcbuetschwil.ch\/neu\/wp-content\/uploads\/2021\/10\/246722531_2305696792895141_1742533900388017792_n.jpg\" data-link=\"https:\/\/fcbuetschwil.ch\/neu\/?attachment_id=2083\" class=\"wp-image-2083\" srcset=\"https:\/\/fcbuetschwil.ch\/neu\/wp-content\/uploads\/2021\/10\/246722531_2305696792895141_1742533900388017792_n.jpg 828w, https:\/\/fcbuetschwil.ch\/neu\/wp-content\/uploads\/2021\/10\/246722531_2305696792895141_1742533900388017792_n-300x265.jpg 300w, https:\/\/fcbuetschwil.ch\/neu\/wp-content\/uploads\/2021\/10\/246722531_2305696792895141_1742533900388017792_n-768x678.jpg 768w\" sizes=\"(max-width: 828px) 100vw, 828px\" \/><\/figure><\/li><li class=\"blocks-gallery-item\"><figure><img loading=\"lazy\" width=\"828\" height=\"872\" src=\"https:\/\/fcbuetschwil.ch\/neu\/wp-content\/uploads\/2021\/10\/246482684_2305696752895145_7842865829893852562_n.jpg\" alt=\"\" data-id=\"2082\" data-full-url=\"https:\/\/fcbuetschwil.ch\/neu\/wp-content\/uploads\/2021\/10\/246482684_2305696752895145_7842865829893852562_n.jpg\" data-link=\"https:\/\/fcbuetschwil.ch\/neu\/?attachment_id=2082\" class=\"wp-image-2082\" srcset=\"https:\/\/fcbuetschwil.ch\/neu\/wp-content\/uploads\/2021\/10\/246482684_2305696752895145_7842865829893852562_n.jpg 828w, https:\/\/fcbuetschwil.ch\/neu\/wp-content\/uploads\/2021\/10\/246482684_2305696752895145_7842865829893852562_n-285x300.jpg 285w, https:\/\/fcbuetschwil.ch\/neu\/wp-content\/uploads\/2021\/10\/246482684_2305696752895145_7842865829893852562_n-768x809.jpg 768w\" sizes=\"(max-width: 828px) 100vw, 828px\" \/><\/figure><\/li><\/ul><\/figure>\n","protected":false},"excerpt":{"rendered":"<p>Die 2.-Liga-Frauen aus B\u00fctschwil werden ihren Anspr\u00fcchen nach dem durchzogenen Saisonstart langsam gerecht und verbessern sich nach dem deutlichen Erfolg gegen Ems auf den f\u00fcnften Tabellenplatz. Originalbericht: https:\/\/www.tagblatt.ch\/&#8230;\/regionalfussball-die&#8230;Autor &amp; Bild: Beat Lanzendorfer Vor dem Spiel h\u00e4tte man aufgrund der Tabellenlage eine enge Angelegenheit erwarten d\u00fcrfen. Es kam anders. Die B\u00fctschwiler Frauen haben sich den Sieg&hellip;&nbsp;<a href=\"https:\/\/fcbuetschwil.ch\/neu\/matchbericht-damen-1-vs-fc-ems-1-grp\/\" class=\"\" rel=\"bookmark\">Weiterlesen &raquo;<span class=\"screen-reader-text\">Matchbericht Damen 1 vs FC Ems 1 Grp.<\/span><\/a><\/p>\n","protected":false},"author":2,"featured_media":2085,"comment_status":"open","ping_status":"open","sticky":false,"template":"","format":"standard","meta":{"inline_featured_image":false,"_mi_skip_tracking":false,"kia_subtitle":"Die B\u00fctschwiler Frauen Liefern Eine Starke Vorstellung Ab Und Besiegen Tabellennachbar Ems Mit 5:1","neve_meta_sidebar":"","neve_meta_container":"","neve_meta_enable_content_width":"","neve_meta_content_width":0,"neve_meta_title_alignment":"","neve_meta_author_avatar":"","neve_post_elements_order":"","neve_meta_disable_header":"","neve_meta_disable_footer":"","neve_meta_disable_title":""},"categories":[3],"tags":[],"_links":{"self":[{"href":"https:\/\/fcbuetschwil.ch\/neu\/wp-json\/wp\/v2\/posts\/2081"}],"collection":[{"href":"https:\/\/fcbuetschwil.ch\/neu\/wp-json\/wp\/v2\/posts"}],"about":[{"href":"https:\/\/fcbuetschwil.ch\/neu\/wp-json\/wp\/v2\/types\/post"}],"author":[{"embeddable":true,"href":"https:\/\/fcbuetschwil.ch\/neu\/wp-json\/wp\/v2\/users\/2"}],"replies":[{"embeddable":true,"href":"https:\/\/fcbuetschwil.ch\/neu\/wp-json\/wp\/v2\/comments?post=2081"}],"version-history":[{"count":2,"href":"https:\/\/fcbuetschwil.ch\/neu\/wp-json\/wp\/v2\/posts\/2081\/revisions"}],"predecessor-version":[{"id":2158,"href":"https:\/\/fcbuetschwil.ch\/neu\/wp-json\/wp\/v2\/posts\/2081\/revisions\/2158"}],"wp:featuredmedia":[{"embeddable":true,"href":"https:\/\/fcbuetschwil.ch\/neu\/wp-json\/wp\/v2\/media\/2085"}],"wp:attachment":[{"href":"https:\/\/fcbuetschwil.ch\/neu\/wp-json\/wp\/v2\/media?parent=2081"}],"wp:term":[{"taxonomy":"category","embeddable":true,"href":"https:\/\/fcbuetschwil.ch\/neu\/wp-json\/wp\/v2\/categories?post=2081"},{"taxonomy":"post_tag","embeddable":true,"href":"https:\/\/fcbuetschwil.ch\/neu\/wp-json\/wp\/v2\/tags?post=2081"}],"curies":[{"name":"wp","href":"https:\/\/api.w.org\/{rel}","templated":true}]}}