{"id":2074,"date":"2021-02-04T08:24:00","date_gmt":"2021-02-04T06:24:00","guid":{"rendered":"https:\/\/fcbuetschwil.ch\/neu\/?p=2074"},"modified":"2021-10-26T09:30:58","modified_gmt":"2021-10-26T07:30:58","slug":"stellungnahme-zur-migros-aktion-support-your-sport","status":"publish","type":"post","link":"https:\/\/fcbuetschwil.ch\/neu\/stellungnahme-zur-migros-aktion-support-your-sport\/","title":{"rendered":"Stellungnahme zur Migros-Aktion \u00abSupport Your Sport\u00bb"},"content":{"rendered":"\n<p>Liebe FC B\u00fctschwil-Familie<br><br>Sicher habt ihr bereits von der grossz\u00fcgigen \u00abSupport Your Sport\u00bb-Aktion der Migros geh\u00f6rt. Der Vor-stand des FC B\u00fctschwil hat sich bereits im Vorfeld Gedanken um eine Teilnahme gemacht. Wir sind aber zum Entschluss gekommen, dass man in der momentan schwierigen Zeit nicht die grossen L\u00e4den unter-st\u00fctzen, sondern die Eink\u00e4ufe m\u00f6glichst in den kleinen Fachgesch\u00e4ften in B\u00fctschwil und der Umgebung machen sollte. Dies sind schliesslich auch unsere jahrelangen Sponsoren, denen wir sehr viel zu verdan-ken haben. Wir rufen darum dazu auf:<br><br><span class=\"has-inline-color has-neve-link-color-color\">Kauft lokal ein \u2013 Zusammen unterst\u00fctzen wir das kleine Gewerbe!<\/span><br><br>Falls jemand sowieso einen Einkauf in der Migros t\u00e4tigen m\u00f6chte, kann man diese Punkte gerne an einen anderen lokalen Verein, der an dieser Aktion mitmacht, spenden \u2013 auch davon profitiert der FC B\u00fctschwil indirekt.<br><br>Braucht der FC B\u00fctschwil denn kein Geld? Nat\u00fcrlich sind auch wir auf finanzielle Unterst\u00fctzung angewie-sen! Wir m\u00f6chten aber in dieser Zeit auch nicht vergessen wer uns in der Vergangenheit ohne \u00abwenn\u00bb und \u00ababer\u00bb unterst\u00fctzt hat; die lokalen Firmen und Gesch\u00e4fte.<br><br>Kann man den FC B\u00fctschwil irgendwie unterst\u00fctzen? Ja, und wie! Bei der B\u00fcrgerversammlung am Don-nerstag, 25. M\u00e4rz 2021 (sofern diese stattfinden kann) stimmen die B\u00fctschwiler Stimmb\u00fcrger \u00fcber die Allwetterplatzsanierung auf der Sportanlage Breite ab. Kommt an diese B\u00fcrgerversammlung und stimmt f\u00fcr die geplante und dringende Sanierung des Allwetterplatzes \u2013 der FC B\u00fctschwil und seine rund 200 Junior(inn)en danken es euch.<br><br>Wir danken euch f\u00fcr eure Unterst\u00fctzung.<br><br>Bliibet gsund \u2013 Hopp FC B\u00fctschwil<br>Euer Vorstand<\/p>\n\n\n\n<div class=\"wp-block-file\"><a href=\"https:\/\/fcbuetschwil.ch\/neu\/wp-content\/uploads\/2021\/10\/Stellungnahme_zur_Migros-Aktion.pdf\">Stellungnahme_zur_Migros-Aktion<\/a><a href=\"https:\/\/fcbuetschwil.ch\/neu\/wp-content\/uploads\/2021\/10\/Stellungnahme_zur_Migros-Aktion.pdf\" class=\"wp-block-file__button\" download>Herunterladen<\/a><\/div>\n","protected":false},"excerpt":{"rendered":"<p>Liebe FC B\u00fctschwil-Familie Sicher habt ihr bereits von der grossz\u00fcgigen \u00abSupport Your Sport\u00bb-Aktion der Migros geh\u00f6rt. Der Vor-stand des FC B\u00fctschwil hat sich bereits im Vorfeld Gedanken um eine Teilnahme gemacht. Wir sind aber zum Entschluss gekommen, dass man in der momentan schwierigen Zeit nicht die grossen L\u00e4den unter-st\u00fctzen, sondern die Eink\u00e4ufe m\u00f6glichst in den&hellip;&nbsp;<a href=\"https:\/\/fcbuetschwil.ch\/neu\/stellungnahme-zur-migros-aktion-support-your-sport\/\" class=\"\" rel=\"bookmark\">Weiterlesen &raquo;<span class=\"screen-reader-text\">Stellungnahme zur Migros-Aktion \u00abSupport Your Sport\u00bb<\/span><\/a><\/p>\n","protected":false},"author":2,"featured_media":2076,"comment_status":"open","ping_status":"open","sticky":false,"template":"","format":"standard","meta":{"inline_featured_image":false,"_mi_skip_tracking":false,"kia_subtitle":"","neve_meta_sidebar":"","neve_meta_container":"","neve_meta_enable_content_width":"","neve_meta_content_width":0,"neve_meta_title_alignment":"","neve_meta_author_avatar":"","neve_post_elements_order":"","neve_meta_disable_header":"","neve_meta_disable_footer":"","neve_meta_disable_title":""},"categories":[1],"tags":[],"_links":{"self":[{"href":"https:\/\/fcbuetschwil.ch\/neu\/wp-json\/wp\/v2\/posts\/2074"}],"collection":[{"href":"https:\/\/fcbuetschwil.ch\/neu\/wp-json\/wp\/v2\/posts"}],"about":[{"href":"https:\/\/fcbuetschwil.ch\/neu\/wp-json\/wp\/v2\/types\/post"}],"author":[{"embeddable":true,"href":"https:\/\/fcbuetschwil.ch\/neu\/wp-json\/wp\/v2\/users\/2"}],"replies":[{"embeddable":true,"href":"https:\/\/fcbuetschwil.ch\/neu\/wp-json\/wp\/v2\/comments?post=2074"}],"version-history":[{"count":2,"href":"https:\/\/fcbuetschwil.ch\/neu\/wp-json\/wp\/v2\/posts\/2074\/revisions"}],"predecessor-version":[{"id":2157,"href":"https:\/\/fcbuetschwil.ch\/neu\/wp-json\/wp\/v2\/posts\/2074\/revisions\/2157"}],"wp:featuredmedia":[{"embeddable":true,"href":"https:\/\/fcbuetschwil.ch\/neu\/wp-json\/wp\/v2\/media\/2076"}],"wp:attachment":[{"href":"https:\/\/fcbuetschwil.ch\/neu\/wp-json\/wp\/v2\/media?parent=2074"}],"wp:term":[{"taxonomy":"category","embeddable":true,"href":"https:\/\/fcbuetschwil.ch\/neu\/wp-json\/wp\/v2\/categories?post=2074"},{"taxonomy":"post_tag","embeddable":true,"href":"https:\/\/fcbuetschwil.ch\/neu\/wp-json\/wp\/v2\/tags?post=2074"}],"curies":[{"name":"wp","href":"https:\/\/api.w.org\/{rel}","templated":true}]}}