{"id":2071,"date":"2021-03-20T08:21:00","date_gmt":"2021-03-20T06:21:00","guid":{"rendered":"https:\/\/fcbuetschwil.ch\/neu\/?p=2071"},"modified":"2021-10-21T10:23:33","modified_gmt":"2021-10-21T08:23:33","slug":"urnenabstimmung-ja-zur-sanierung-des-kunstrasenplatzes","status":"publish","type":"post","link":"https:\/\/fcbuetschwil.ch\/neu\/urnenabstimmung-ja-zur-sanierung-des-kunstrasenplatzes\/","title":{"rendered":"Urnenabstimmung \u2013 JA zur Sanierung des Kunstrasenplatzes"},"content":{"rendered":"\n<p>Nach 17 intensiven Betriebsjahren weist das Spielfeld Abn\u00fctzungserscheinungen auf und ist auch durch Umwelteinfl\u00fcsse stumpf geworden. Die empfohlene Nutzungsdauer des Teppichs ist bereits seit 2019 \u00fcberschritten. Der Ersatz des Kunstrasenteppichbelages ist deshalb notwendig. Die briefliche Abstimmung l\u00e4uft bis am 11. April 2021. 150 Aktivmitglieder, sowie 200 Junioren und Juniorinnen danken Ihnen f\u00fcr ein JA an der Urne!<\/p>\n","protected":false},"excerpt":{"rendered":"<p>Nach 17 intensiven Betriebsjahren weist das Spielfeld Abn\u00fctzungserscheinungen auf und ist auch durch Umwelteinfl\u00fcsse stumpf geworden. Die empfohlene Nutzungsdauer des Teppichs ist bereits seit 2019 \u00fcberschritten. Der Ersatz des Kunstrasenteppichbelages ist deshalb notwendig. Die briefliche Abstimmung l\u00e4uft bis am 11. April 2021. 150 Aktivmitglieder, sowie 200 Junioren und Juniorinnen danken Ihnen f\u00fcr ein JA an&hellip;&nbsp;<a href=\"https:\/\/fcbuetschwil.ch\/neu\/urnenabstimmung-ja-zur-sanierung-des-kunstrasenplatzes\/\" class=\"\" rel=\"bookmark\">Weiterlesen &raquo;<span class=\"screen-reader-text\">Urnenabstimmung \u2013 JA zur Sanierung des Kunstrasenplatzes<\/span><\/a><\/p>\n","protected":false},"author":2,"featured_media":2072,"comment_status":"open","ping_status":"open","sticky":false,"template":"","format":"standard","meta":{"inline_featured_image":false,"_mi_skip_tracking":false,"kia_subtitle":"","neve_meta_sidebar":"","neve_meta_container":"","neve_meta_enable_content_width":"","neve_meta_content_width":0,"neve_meta_title_alignment":"","neve_meta_author_avatar":"","neve_post_elements_order":"","neve_meta_disable_header":"","neve_meta_disable_footer":"","neve_meta_disable_title":""},"categories":[1],"tags":[],"_links":{"self":[{"href":"https:\/\/fcbuetschwil.ch\/neu\/wp-json\/wp\/v2\/posts\/2071"}],"collection":[{"href":"https:\/\/fcbuetschwil.ch\/neu\/wp-json\/wp\/v2\/posts"}],"about":[{"href":"https:\/\/fcbuetschwil.ch\/neu\/wp-json\/wp\/v2\/types\/post"}],"author":[{"embeddable":true,"href":"https:\/\/fcbuetschwil.ch\/neu\/wp-json\/wp\/v2\/users\/2"}],"replies":[{"embeddable":true,"href":"https:\/\/fcbuetschwil.ch\/neu\/wp-json\/wp\/v2\/comments?post=2071"}],"version-history":[{"count":1,"href":"https:\/\/fcbuetschwil.ch\/neu\/wp-json\/wp\/v2\/posts\/2071\/revisions"}],"predecessor-version":[{"id":2073,"href":"https:\/\/fcbuetschwil.ch\/neu\/wp-json\/wp\/v2\/posts\/2071\/revisions\/2073"}],"wp:featuredmedia":[{"embeddable":true,"href":"https:\/\/fcbuetschwil.ch\/neu\/wp-json\/wp\/v2\/media\/2072"}],"wp:attachment":[{"href":"https:\/\/fcbuetschwil.ch\/neu\/wp-json\/wp\/v2\/media?parent=2071"}],"wp:term":[{"taxonomy":"category","embeddable":true,"href":"https:\/\/fcbuetschwil.ch\/neu\/wp-json\/wp\/v2\/categories?post=2071"},{"taxonomy":"post_tag","embeddable":true,"href":"https:\/\/fcbuetschwil.ch\/neu\/wp-json\/wp\/v2\/tags?post=2071"}],"curies":[{"name":"wp","href":"https:\/\/api.w.org\/{rel}","templated":true}]}}