{"id":2062,"date":"2021-05-27T06:57:00","date_gmt":"2021-05-27T04:57:00","guid":{"rendered":"https:\/\/fcbuetschwil.ch\/neu\/?p=2062"},"modified":"2021-10-21T09:58:34","modified_gmt":"2021-10-21T07:58:34","slug":"gruempeli-2021-abgesagt","status":"publish","type":"post","link":"https:\/\/fcbuetschwil.ch\/neu\/gruempeli-2021-abgesagt\/","title":{"rendered":"Gr\u00fcmpeli 2021 \u2013 ABGESAGT"},"content":{"rendered":"\n<p>Leider kann auch in diesem Jahr das traditionelle Dorf-\/ und Gr\u00fcmpelturnier B\u00fctschwil nicht stattfinden. Die gestern durch den Bundesrat kommunizierten \u00d6ffnungsschritte reichen nicht, um das Gr\u00fcmpeli in einem sinnvollen Rahmen durchf\u00fchren zu k\u00f6nnen.<\/p>\n\n\n\n<p>Streicht euch in eurer Agenda schon einmal den 24. und 25. Juni fett an f\u00fcr das Gr\u00fcmpeli 2022.<\/p>\n\n\n\n<p>Bis bald auf der Breite!<\/p>\n","protected":false},"excerpt":{"rendered":"<p>Leider kann auch in diesem Jahr das traditionelle Dorf-\/ und Gr\u00fcmpelturnier B\u00fctschwil nicht stattfinden. Die gestern durch den Bundesrat kommunizierten \u00d6ffnungsschritte reichen nicht, um das Gr\u00fcmpeli in einem sinnvollen Rahmen durchf\u00fchren zu k\u00f6nnen. Streicht euch in eurer Agenda schon einmal den 24. und 25. Juni fett an f\u00fcr das Gr\u00fcmpeli 2022. Bis bald auf der&hellip;&nbsp;<a href=\"https:\/\/fcbuetschwil.ch\/neu\/gruempeli-2021-abgesagt\/\" class=\"\" rel=\"bookmark\">Weiterlesen &raquo;<span class=\"screen-reader-text\">Gr\u00fcmpeli 2021 \u2013 ABGESAGT<\/span><\/a><\/p>\n","protected":false},"author":2,"featured_media":2063,"comment_status":"open","ping_status":"open","sticky":false,"template":"","format":"standard","meta":{"inline_featured_image":false,"_mi_skip_tracking":false,"kia_subtitle":"","neve_meta_sidebar":"","neve_meta_container":"","neve_meta_enable_content_width":"","neve_meta_content_width":0,"neve_meta_title_alignment":"","neve_meta_author_avatar":"","neve_post_elements_order":"","neve_meta_disable_header":"","neve_meta_disable_footer":"","neve_meta_disable_title":""},"categories":[1],"tags":[],"_links":{"self":[{"href":"https:\/\/fcbuetschwil.ch\/neu\/wp-json\/wp\/v2\/posts\/2062"}],"collection":[{"href":"https:\/\/fcbuetschwil.ch\/neu\/wp-json\/wp\/v2\/posts"}],"about":[{"href":"https:\/\/fcbuetschwil.ch\/neu\/wp-json\/wp\/v2\/types\/post"}],"author":[{"embeddable":true,"href":"https:\/\/fcbuetschwil.ch\/neu\/wp-json\/wp\/v2\/users\/2"}],"replies":[{"embeddable":true,"href":"https:\/\/fcbuetschwil.ch\/neu\/wp-json\/wp\/v2\/comments?post=2062"}],"version-history":[{"count":1,"href":"https:\/\/fcbuetschwil.ch\/neu\/wp-json\/wp\/v2\/posts\/2062\/revisions"}],"predecessor-version":[{"id":2064,"href":"https:\/\/fcbuetschwil.ch\/neu\/wp-json\/wp\/v2\/posts\/2062\/revisions\/2064"}],"wp:featuredmedia":[{"embeddable":true,"href":"https:\/\/fcbuetschwil.ch\/neu\/wp-json\/wp\/v2\/media\/2063"}],"wp:attachment":[{"href":"https:\/\/fcbuetschwil.ch\/neu\/wp-json\/wp\/v2\/media?parent=2062"}],"wp:term":[{"taxonomy":"category","embeddable":true,"href":"https:\/\/fcbuetschwil.ch\/neu\/wp-json\/wp\/v2\/categories?post=2062"},{"taxonomy":"post_tag","embeddable":true,"href":"https:\/\/fcbuetschwil.ch\/neu\/wp-json\/wp\/v2\/tags?post=2062"}],"curies":[{"name":"wp","href":"https:\/\/api.w.org\/{rel}","templated":true}]}}